{"id":1248,"date":"2025-08-08T11:14:50","date_gmt":"2025-08-08T09:14:50","guid":{"rendered":"https:\/\/medyaetikkurulu.org\/?p=1248"},"modified":"2025-08-08T14:11:06","modified_gmt":"2025-08-08T12:11:06","slug":"kaybolan-cocuk-haberleriyle-ilgili-medyaya-cagri","status":"publish","type":"post","link":"https:\/\/medyaetikkurulu.org\/index.php\/2025\/08\/08\/kaybolan-cocuk-haberleriyle-ilgili-medyaya-cagri\/","title":{"rendered":"Kaybolan \u00e7ocuk haberleriyle ilgili medyaya \u00e7a\u011fr\u0131"},"content":{"rendered":"\n<p>Ge\u00e7ti\u011fimiz g\u00fcnlerde bir \u00e7ocuk kaybolmu\u015f ve sonras\u0131nda bir vatanda\u015f taraf\u0131ndan bulunarak polise teslim edilmi\u015ftir. Olay kamuoyunu etkilemi\u015f ve kay\u0131p haberi, \u00e7ocu\u011fun bulunabilmesi amac\u0131yla, \u00e7ok say\u0131da ki\u015fi taraf\u0131ndan da sosyal medya platformlar\u0131nda payla\u015f\u0131lm\u0131\u015ft\u0131r.<\/p>\n\n\n\n<p>Kay\u0131p \u00e7ocuk olaylar\u0131nda, \u00e7ocu\u011fun bulunmas\u0131na yard\u0131mc\u0131 olmak amac\u0131yla isminin ve foto\u011fraf\u0131n\u0131n kamuoyuyla payla\u015f\u0131lmas\u0131, olay an\u0131nda gerekli ve anlaml\u0131 bir uygulamad\u0131r. Ancak \u00e7ocuk bulunduktan sonra, s\u00f6z konusu g\u00f6rsel ve kimlik bilgileri art\u0131k kamusal yarar niteli\u011fini yitirmekte; bu bilgilerin dijital mecralarda kalmaya devam etmesi ise \u00e7ocu\u011fun psikolojik sa\u011fl\u0131\u011f\u0131 ve \u00f6zel hayat\u0131 a\u00e7\u0131s\u0131ndan olumsuz etkiler do\u011furabilmektedir.<\/p>\n\n\n\n<p>Birle\u015fmi\u015f Milletler \u00c7ocuk Haklar\u0131na Dair S\u00f6zle\u015fme\u2019nin 3. maddesinde a\u00e7\u0131k\u00e7a tan\u0131mland\u0131\u011f\u0131, Bas\u0131n Meslek \u0130lkeleri ve Medya Etik Kurallar\u0131 taraf\u0131ndan da \u00e7er\u00e7evelendi\u011fi \u00fczere, \u00e7ocuklarla ilgili haberlerde \u00e7ocu\u011fun \u00fcst\u00fcn yarar\u0131 esas al\u0131nmal\u0131 ve t\u00fcm haklar\u0131 korunmal\u0131d\u0131r.<\/p>\n\n\n\n<p>Bu ba\u011flamda, kay\u0131p \u00e7ocuk haberlerinde \u00e7ocu\u011fun bulunmas\u0131n\u0131n ard\u0131ndan ki\u015fisel bilgilerinin dijital ortamda eri\u015filebilir kalmas\u0131, \u00e7ocu\u011fu sosyal \u00e7evresinde dezavantajl\u0131 konuma sokabilece\u011fi gibi (\u00f6rne\u011fin etiketlenme vb.), gelecekteki sosyal ya\u015fam\u0131, mahremiyeti ve ruhsal b\u00fct\u00fcnl\u00fc\u011f\u00fc a\u00e7\u0131s\u0131ndan da sak\u0131ncal\u0131d\u0131r.<\/p>\n\n\n\n<p>Bu nedenle, \u00e7ocuk bulunduktan sonra yap\u0131lan haberlerde isim, foto\u011fraf, adres ve benzeri ki\u015fisel bilgilerin kald\u0131r\u0131lmas\u0131 ya da anonimle\u015ftirilmesi; hem \u00e7ocu\u011fun \u00fcst\u00fcn yarar\u0131 hem de \u00f6zel hayat\u0131n gizlili\u011fi a\u00e7\u0131s\u0131ndan hayati \u00f6nem ta\u015f\u0131maktad\u0131r.Medya organlar\u0131n\u0131n ilgili haber i\u00e7eriklerini g\u00fcncellemesi, isim ve foto\u011fraflar\u0131 yay\u0131ndan kald\u0131rmas\u0131 hem etik hem de hukuki bir sorumluluktur.<\/p>\n\n\n\n<p>Bas\u0131n \u00f6zg\u00fcrl\u00fc\u011f\u00fc, kamusal yarar ve \u00e7ocu\u011fun \u00fcst\u00fcn yarar\u0131 aras\u0131nda kurulacak hassas denge, medyam\u0131z\u0131n g\u00fcvenilirli\u011fini ve toplumsal sorumlulu\u011funu g\u00fc\u00e7lendirecektir. Haber ve g\u00f6rsellerin bireyler taraf\u0131ndan da payla\u015f\u0131lmas\u0131, toplumsal duyarl\u0131l\u0131k ve sorumluluk bilincini gerekli k\u0131lmaktad\u0131r. Bu nedenle, \u00e7ocu\u011fun g\u00fcvenli\u011fi ve \u00fcst\u00fcn yarar\u0131 g\u00f6zetilerek sosyal medya mecralar\u0131nda kay\u0131p \u00e7ocukla ilgili payla\u015f\u0131mlar\u0131n kald\u0131r\u0131lmas\u0131 b\u00fcy\u00fck \u00f6nem ta\u015f\u0131maktad\u0131r.<\/p>\n\n\n\n<p>Medya Etik Kurulu olarak, t\u00fcm yay\u0131nc\u0131 kurulu\u015flara ve bireylere bu konuda sorumluluk alma ve hassasiyet g\u00f6sterme \u00e7a\u011fr\u0131s\u0131nda&nbsp;bulunuyoruz.<\/p>\n","protected":false},"excerpt":{"rendered":"<p>Ge\u00e7ti\u011fimiz g\u00fcnlerde bir \u00e7ocuk kaybolmu\u015f ve sonras\u0131nda bir vatanda\u015f taraf\u0131ndan bulunarak polise teslim edilmi\u015ftir. Olay kamuoyunu etkilemi\u015f ve kay\u0131p haberi, \u00e7ocu\u011fun bulunabilmesi amac\u0131yla, \u00e7ok say\u0131da ki\u015fi taraf\u0131ndan da sosyal medya platformlar\u0131nda payla\u015f\u0131lm\u0131\u015ft\u0131r. Kay\u0131p \u00e7ocuk olaylar\u0131nda, \u00e7ocu\u011fun bulunmas\u0131na yard\u0131mc\u0131 olmak amac\u0131yla isminin ve foto\u011fraf\u0131n\u0131n kamuoyuyla payla\u015f\u0131lmas\u0131, olay an\u0131nda gerekli ve anlaml\u0131 bir uygulamad\u0131r. Ancak \u00e7ocuk bulunduktan [&hellip;]<\/p>\n","protected":false},"author":2,"featured_media":1249,"comment_status":"open","ping_status":"open","sticky":false,"template":"","format":"standard","meta":{"saved_in_kubio":false,"_jetpack_memberships_contains_paid_content":false,"footnotes":""},"categories":[2],"tags":[],"class_list":["post-1248","post","type-post","status-publish","format-standard","has-post-thumbnail","hentry","category-basin"],"yoast_head":"<!-- This site is optimized with the Yoast SEO plugin v25.3.1 - https:\/\/yoast.com\/wordpress\/plugins\/seo\/ -->\r\n<title>Kaybolan \u00e7ocuk haberleriyle ilgili medyaya \u00e7a\u011fr\u0131 - Medya Etik Kurulu<\/title>\r\n<meta name=\"robots\" content=\"index, follow, max-snippet:-1, max-image-preview:large, max-video-preview:-1\" \/>\r\n<link rel=\"canonical\" href=\"https:\/\/medyaetikkurulu.org\/index.php\/2025\/08\/08\/kaybolan-cocuk-haberleriyle-ilgili-medyaya-cagri\/\" \/>\r\n<meta property=\"og:locale\" content=\"tr_TR\" \/>\r\n<meta property=\"og:type\" content=\"article\" \/>\r\n<meta property=\"og:title\" content=\"Kaybolan \u00e7ocuk haberleriyle ilgili medyaya \u00e7a\u011fr\u0131 - Medya Etik Kurulu\" \/>\r\n<meta property=\"og:description\" content=\"Ge\u00e7ti\u011fimiz g\u00fcnlerde bir \u00e7ocuk kaybolmu\u015f ve sonras\u0131nda bir vatanda\u015f taraf\u0131ndan bulunarak polise teslim edilmi\u015ftir. Olay kamuoyunu etkilemi\u015f ve kay\u0131p haberi, \u00e7ocu\u011fun bulunabilmesi amac\u0131yla, \u00e7ok say\u0131da ki\u015fi taraf\u0131ndan da sosyal medya platformlar\u0131nda payla\u015f\u0131lm\u0131\u015ft\u0131r. Kay\u0131p \u00e7ocuk olaylar\u0131nda, \u00e7ocu\u011fun bulunmas\u0131na yard\u0131mc\u0131 olmak amac\u0131yla isminin ve foto\u011fraf\u0131n\u0131n kamuoyuyla payla\u015f\u0131lmas\u0131, olay an\u0131nda gerekli ve anlaml\u0131 bir uygulamad\u0131r. Ancak \u00e7ocuk bulunduktan [&hellip;]\" \/>\r\n<meta property=\"og:url\" content=\"https:\/\/medyaetikkurulu.org\/index.php\/2025\/08\/08\/kaybolan-cocuk-haberleriyle-ilgili-medyaya-cagri\/\" \/>\r\n<meta property=\"og:site_name\" content=\"Medya Etik Kurulu\" \/>\r\n<meta property=\"article:publisher\" content=\"https:\/\/www.facebook.com\/medyaetikkurulu\" \/>\r\n<meta property=\"article:published_time\" content=\"2025-08-08T09:14:50+00:00\" \/>\r\n<meta property=\"article:modified_time\" content=\"2025-08-08T12:11:06+00:00\" \/>\r\n<meta property=\"og:image\" content=\"https:\/\/medyaetikkurulu.org\/wp-content\/uploads\/2025\/08\/aciklama.jpg\" \/>\r\n\t<meta property=\"og:image:width\" content=\"1080\" \/>\r\n\t<meta property=\"og:image:height\" content=\"1350\" \/>\r\n\t<meta property=\"og:image:type\" content=\"image\/jpeg\" \/>\r\n<meta name=\"author\" content=\"medyaetikkurulu\" \/>\r\n<meta name=\"twitter:card\" content=\"summary_large_image\" \/>\r\n<meta name=\"twitter:creator\" content=\"@medyaetikkurulu\" \/>\r\n<meta name=\"twitter:site\" content=\"@medyaetikkurulu\" \/>\r\n<meta name=\"twitter:label1\" content=\"Yazan:\" \/>\n\t<meta name=\"twitter:data1\" content=\"medyaetikkurulu\" \/>\n\t<meta name=\"twitter:label2\" content=\"Tahmini okuma s\u00fcresi\" \/>\n\t<meta name=\"twitter:data2\" content=\"2 dakika\" \/>\r\n<script type=\"application\/ld+json\" class=\"yoast-schema-graph\">{\"@context\":\"https:\/\/schema.org\",\"@graph\":[{\"@type\":\"Article\",\"@id\":\"https:\/\/medyaetikkurulu.org\/index.php\/2025\/08\/08\/kaybolan-cocuk-haberleriyle-ilgili-medyaya-cagri\/#article\",\"isPartOf\":{\"@id\":\"https:\/\/medyaetikkurulu.org\/index.php\/2025\/08\/08\/kaybolan-cocuk-haberleriyle-ilgili-medyaya-cagri\/\"},\"author\":{\"name\":\"medyaetikkurulu\",\"@id\":\"https:\/\/medyaetikkurulu.org\/#\/schema\/person\/021e54e29d29c71d6df28fa0fdbebeb7\"},\"headline\":\"Kaybolan \u00e7ocuk haberleriyle ilgili medyaya \u00e7a\u011fr\u0131\",\"datePublished\":\"2025-08-08T09:14:50+00:00\",\"dateModified\":\"2025-08-08T12:11:06+00:00\",\"mainEntityOfPage\":{\"@id\":\"https:\/\/medyaetikkurulu.org\/index.php\/2025\/08\/08\/kaybolan-cocuk-haberleriyle-ilgili-medyaya-cagri\/\"},\"wordCount\":412,\"commentCount\":0,\"publisher\":{\"@id\":\"https:\/\/medyaetikkurulu.org\/#organization\"},\"image\":{\"@id\":\"https:\/\/medyaetikkurulu.org\/index.php\/2025\/08\/08\/kaybolan-cocuk-haberleriyle-ilgili-medyaya-cagri\/#primaryimage\"},\"thumbnailUrl\":\"https:\/\/i0.wp.com\/medyaetikkurulu.org\/wp-content\/uploads\/2025\/08\/aciklama.jpg?fit=1080%2C1350&ssl=1\",\"articleSection\":[\"Bas\u0131n A\u00e7\u0131klamalar\u0131\"],\"inLanguage\":\"tr\",\"potentialAction\":[{\"@type\":\"CommentAction\",\"name\":\"Comment\",\"target\":[\"https:\/\/medyaetikkurulu.org\/index.php\/2025\/08\/08\/kaybolan-cocuk-haberleriyle-ilgili-medyaya-cagri\/#respond\"]}]},{\"@type\":\"WebPage\",\"@id\":\"https:\/\/medyaetikkurulu.org\/index.php\/2025\/08\/08\/kaybolan-cocuk-haberleriyle-ilgili-medyaya-cagri\/\",\"url\":\"https:\/\/medyaetikkurulu.org\/index.php\/2025\/08\/08\/kaybolan-cocuk-haberleriyle-ilgili-medyaya-cagri\/\",\"name\":\"Kaybolan \u00e7ocuk haberleriyle ilgili medyaya \u00e7a\u011fr\u0131 - Medya Etik Kurulu\",\"isPartOf\":{\"@id\":\"https:\/\/medyaetikkurulu.org\/#website\"},\"primaryImageOfPage\":{\"@id\":\"https:\/\/medyaetikkurulu.org\/index.php\/2025\/08\/08\/kaybolan-cocuk-haberleriyle-ilgili-medyaya-cagri\/#primaryimage\"},\"image\":{\"@id\":\"https:\/\/medyaetikkurulu.org\/index.php\/2025\/08\/08\/kaybolan-cocuk-haberleriyle-ilgili-medyaya-cagri\/#primaryimage\"},\"thumbnailUrl\":\"https:\/\/i0.wp.com\/medyaetikkurulu.org\/wp-content\/uploads\/2025\/08\/aciklama.jpg?fit=1080%2C1350&ssl=1\",\"datePublished\":\"2025-08-08T09:14:50+00:00\",\"dateModified\":\"2025-08-08T12:11:06+00:00\",\"breadcrumb\":{\"@id\":\"https:\/\/medyaetikkurulu.org\/index.php\/2025\/08\/08\/kaybolan-cocuk-haberleriyle-ilgili-medyaya-cagri\/#breadcrumb\"},\"inLanguage\":\"tr\",\"potentialAction\":[{\"@type\":\"ReadAction\",\"target\":[\"https:\/\/medyaetikkurulu.org\/index.php\/2025\/08\/08\/kaybolan-cocuk-haberleriyle-ilgili-medyaya-cagri\/\"]}]},{\"@type\":\"ImageObject\",\"inLanguage\":\"tr\",\"@id\":\"https:\/\/medyaetikkurulu.org\/index.php\/2025\/08\/08\/kaybolan-cocuk-haberleriyle-ilgili-medyaya-cagri\/#primaryimage\",\"url\":\"https:\/\/i0.wp.com\/medyaetikkurulu.org\/wp-content\/uploads\/2025\/08\/aciklama.jpg?fit=1080%2C1350&ssl=1\",\"contentUrl\":\"https:\/\/i0.wp.com\/medyaetikkurulu.org\/wp-content\/uploads\/2025\/08\/aciklama.jpg?fit=1080%2C1350&ssl=1\",\"width\":1080,\"height\":1350},{\"@type\":\"BreadcrumbList\",\"@id\":\"https:\/\/medyaetikkurulu.org\/index.php\/2025\/08\/08\/kaybolan-cocuk-haberleriyle-ilgili-medyaya-cagri\/#breadcrumb\",\"itemListElement\":[{\"@type\":\"ListItem\",\"position\":1,\"name\":\"Anasayfa\",\"item\":\"https:\/\/medyaetikkurulu.org\/\"},{\"@type\":\"ListItem\",\"position\":2,\"name\":\"Kaybolan \u00e7ocuk haberleriyle ilgili medyaya \u00e7a\u011fr\u0131\"}]},{\"@type\":\"WebSite\",\"@id\":\"https:\/\/medyaetikkurulu.org\/#website\",\"url\":\"https:\/\/medyaetikkurulu.org\/\",\"name\":\"Medya Etik Kurulu\",\"description\":\"Medya Etik Kurulu\",\"publisher\":{\"@id\":\"https:\/\/medyaetikkurulu.org\/#organization\"},\"alternateName\":\"MEK\",\"potentialAction\":[{\"@type\":\"SearchAction\",\"target\":{\"@type\":\"EntryPoint\",\"urlTemplate\":\"https:\/\/medyaetikkurulu.org\/?s={search_term_string}\"},\"query-input\":{\"@type\":\"PropertyValueSpecification\",\"valueRequired\":true,\"valueName\":\"search_term_string\"}}],\"inLanguage\":\"tr\"},{\"@type\":\"Organization\",\"@id\":\"https:\/\/medyaetikkurulu.org\/#organization\",\"name\":\"Medya Etik Kurulu\",\"alternateName\":\"MEK\",\"url\":\"https:\/\/medyaetikkurulu.org\/\",\"logo\":{\"@type\":\"ImageObject\",\"inLanguage\":\"tr\",\"@id\":\"https:\/\/medyaetikkurulu.org\/#\/schema\/logo\/image\/\",\"url\":\"https:\/\/i0.wp.com\/medyaetikkurulu.org\/wp-content\/uploads\/2025\/05\/MEK-copy-1.png?fit=960%2C960\",\"contentUrl\":\"https:\/\/i0.wp.com\/medyaetikkurulu.org\/wp-content\/uploads\/2025\/05\/MEK-copy-1.png?fit=960%2C960\",\"width\":960,\"height\":960,\"caption\":\"Medya Etik Kurulu\"},\"image\":{\"@id\":\"https:\/\/medyaetikkurulu.org\/#\/schema\/logo\/image\/\"},\"sameAs\":[\"https:\/\/www.facebook.com\/medyaetikkurulu\",\"https:\/\/x.com\/medyaetikkurulu\",\"https:\/\/www.instagram.com\/medyaetikkurulu\"]},{\"@type\":\"Person\",\"@id\":\"https:\/\/medyaetikkurulu.org\/#\/schema\/person\/021e54e29d29c71d6df28fa0fdbebeb7\",\"name\":\"medyaetikkurulu\",\"image\":{\"@type\":\"ImageObject\",\"inLanguage\":\"tr\",\"@id\":\"https:\/\/medyaetikkurulu.org\/#\/schema\/person\/image\/\",\"url\":\"https:\/\/secure.gravatar.com\/avatar\/6d6ecbabbab467ae2e81337250a5ab85a175a9d7259ba03d0295920d04351e84?s=96&d=mm&r=g\",\"contentUrl\":\"https:\/\/secure.gravatar.com\/avatar\/6d6ecbabbab467ae2e81337250a5ab85a175a9d7259ba03d0295920d04351e84?s=96&d=mm&r=g\",\"caption\":\"medyaetikkurulu\"},\"url\":\"https:\/\/medyaetikkurulu.org\/index.php\/author\/medyaetikkurulu\/\"}]}<\/script>\r\n<!-- \/ Yoast SEO plugin. -->","yoast_head_json":{"title":"Kaybolan \u00e7ocuk haberleriyle ilgili medyaya \u00e7a\u011fr\u0131 - Medya Etik Kurulu","robots":{"index":"index","follow":"follow","max-snippet":"max-snippet:-1","max-image-preview":"max-image-preview:large","max-video-preview":"max-video-preview:-1"},"canonical":"https:\/\/medyaetikkurulu.org\/index.php\/2025\/08\/08\/kaybolan-cocuk-haberleriyle-ilgili-medyaya-cagri\/","og_locale":"tr_TR","og_type":"article","og_title":"Kaybolan \u00e7ocuk haberleriyle ilgili medyaya \u00e7a\u011fr\u0131 - Medya Etik Kurulu","og_description":"Ge\u00e7ti\u011fimiz g\u00fcnlerde bir \u00e7ocuk kaybolmu\u015f ve sonras\u0131nda bir vatanda\u015f taraf\u0131ndan bulunarak polise teslim edilmi\u015ftir. Olay kamuoyunu etkilemi\u015f ve kay\u0131p haberi, \u00e7ocu\u011fun bulunabilmesi amac\u0131yla, \u00e7ok say\u0131da ki\u015fi taraf\u0131ndan da sosyal medya platformlar\u0131nda payla\u015f\u0131lm\u0131\u015ft\u0131r. Kay\u0131p \u00e7ocuk olaylar\u0131nda, \u00e7ocu\u011fun bulunmas\u0131na yard\u0131mc\u0131 olmak amac\u0131yla isminin ve foto\u011fraf\u0131n\u0131n kamuoyuyla payla\u015f\u0131lmas\u0131, olay an\u0131nda gerekli ve anlaml\u0131 bir uygulamad\u0131r. Ancak \u00e7ocuk bulunduktan [&hellip;]","og_url":"https:\/\/medyaetikkurulu.org\/index.php\/2025\/08\/08\/kaybolan-cocuk-haberleriyle-ilgili-medyaya-cagri\/","og_site_name":"Medya Etik Kurulu","article_publisher":"https:\/\/www.facebook.com\/medyaetikkurulu","article_published_time":"2025-08-08T09:14:50+00:00","article_modified_time":"2025-08-08T12:11:06+00:00","og_image":[{"width":1080,"height":1350,"url":"https:\/\/medyaetikkurulu.org\/wp-content\/uploads\/2025\/08\/aciklama.jpg","type":"image\/jpeg"}],"author":"medyaetikkurulu","twitter_card":"summary_large_image","twitter_creator":"@medyaetikkurulu","twitter_site":"@medyaetikkurulu","twitter_misc":{"Yazan:":"medyaetikkurulu","Tahmini okuma s\u00fcresi":"2 dakika"},"schema":{"@context":"https:\/\/schema.org","@graph":[{"@type":"Article","@id":"https:\/\/medyaetikkurulu.org\/index.php\/2025\/08\/08\/kaybolan-cocuk-haberleriyle-ilgili-medyaya-cagri\/#article","isPartOf":{"@id":"https:\/\/medyaetikkurulu.org\/index.php\/2025\/08\/08\/kaybolan-cocuk-haberleriyle-ilgili-medyaya-cagri\/"},"author":{"name":"medyaetikkurulu","@id":"https:\/\/medyaetikkurulu.org\/#\/schema\/person\/021e54e29d29c71d6df28fa0fdbebeb7"},"headline":"Kaybolan \u00e7ocuk haberleriyle ilgili medyaya \u00e7a\u011fr\u0131","datePublished":"2025-08-08T09:14:50+00:00","dateModified":"2025-08-08T12:11:06+00:00","mainEntityOfPage":{"@id":"https:\/\/medyaetikkurulu.org\/index.php\/2025\/08\/08\/kaybolan-cocuk-haberleriyle-ilgili-medyaya-cagri\/"},"wordCount":412,"commentCount":0,"publisher":{"@id":"https:\/\/medyaetikkurulu.org\/#organization"},"image":{"@id":"https:\/\/medyaetikkurulu.org\/index.php\/2025\/08\/08\/kaybolan-cocuk-haberleriyle-ilgili-medyaya-cagri\/#primaryimage"},"thumbnailUrl":"https:\/\/i0.wp.com\/medyaetikkurulu.org\/wp-content\/uploads\/2025\/08\/aciklama.jpg?fit=1080%2C1350&ssl=1","articleSection":["Bas\u0131n A\u00e7\u0131klamalar\u0131"],"inLanguage":"tr","potentialAction":[{"@type":"CommentAction","name":"Comment","target":["https:\/\/medyaetikkurulu.org\/index.php\/2025\/08\/08\/kaybolan-cocuk-haberleriyle-ilgili-medyaya-cagri\/#respond"]}]},{"@type":"WebPage","@id":"https:\/\/medyaetikkurulu.org\/index.php\/2025\/08\/08\/kaybolan-cocuk-haberleriyle-ilgili-medyaya-cagri\/","url":"https:\/\/medyaetikkurulu.org\/index.php\/2025\/08\/08\/kaybolan-cocuk-haberleriyle-ilgili-medyaya-cagri\/","name":"Kaybolan \u00e7ocuk haberleriyle ilgili medyaya \u00e7a\u011fr\u0131 - Medya Etik Kurulu","isPartOf":{"@id":"https:\/\/medyaetikkurulu.org\/#website"},"primaryImageOfPage":{"@id":"https:\/\/medyaetikkurulu.org\/index.php\/2025\/08\/08\/kaybolan-cocuk-haberleriyle-ilgili-medyaya-cagri\/#primaryimage"},"image":{"@id":"https:\/\/medyaetikkurulu.org\/index.php\/2025\/08\/08\/kaybolan-cocuk-haberleriyle-ilgili-medyaya-cagri\/#primaryimage"},"thumbnailUrl":"https:\/\/i0.wp.com\/medyaetikkurulu.org\/wp-content\/uploads\/2025\/08\/aciklama.jpg?fit=1080%2C1350&ssl=1","datePublished":"2025-08-08T09:14:50+00:00","dateModified":"2025-08-08T12:11:06+00:00","breadcrumb":{"@id":"https:\/\/medyaetikkurulu.org\/index.php\/2025\/08\/08\/kaybolan-cocuk-haberleriyle-ilgili-medyaya-cagri\/#breadcrumb"},"inLanguage":"tr","potentialAction":[{"@type":"ReadAction","target":["https:\/\/medyaetikkurulu.org\/index.php\/2025\/08\/08\/kaybolan-cocuk-haberleriyle-ilgili-medyaya-cagri\/"]}]},{"@type":"ImageObject","inLanguage":"tr","@id":"https:\/\/medyaetikkurulu.org\/index.php\/2025\/08\/08\/kaybolan-cocuk-haberleriyle-ilgili-medyaya-cagri\/#primaryimage","url":"https:\/\/i0.wp.com\/medyaetikkurulu.org\/wp-content\/uploads\/2025\/08\/aciklama.jpg?fit=1080%2C1350&ssl=1","contentUrl":"https:\/\/i0.wp.com\/medyaetikkurulu.org\/wp-content\/uploads\/2025\/08\/aciklama.jpg?fit=1080%2C1350&ssl=1","width":1080,"height":1350},{"@type":"BreadcrumbList","@id":"https:\/\/medyaetikkurulu.org\/index.php\/2025\/08\/08\/kaybolan-cocuk-haberleriyle-ilgili-medyaya-cagri\/#breadcrumb","itemListElement":[{"@type":"ListItem","position":1,"name":"Anasayfa","item":"https:\/\/medyaetikkurulu.org\/"},{"@type":"ListItem","position":2,"name":"Kaybolan \u00e7ocuk haberleriyle ilgili medyaya \u00e7a\u011fr\u0131"}]},{"@type":"WebSite","@id":"https:\/\/medyaetikkurulu.org\/#website","url":"https:\/\/medyaetikkurulu.org\/","name":"Medya Etik Kurulu","description":"Medya Etik Kurulu","publisher":{"@id":"https:\/\/medyaetikkurulu.org\/#organization"},"alternateName":"MEK","potentialAction":[{"@type":"SearchAction","target":{"@type":"EntryPoint","urlTemplate":"https:\/\/medyaetikkurulu.org\/?s={search_term_string}"},"query-input":{"@type":"PropertyValueSpecification","valueRequired":true,"valueName":"search_term_string"}}],"inLanguage":"tr"},{"@type":"Organization","@id":"https:\/\/medyaetikkurulu.org\/#organization","name":"Medya Etik Kurulu","alternateName":"MEK","url":"https:\/\/medyaetikkurulu.org\/","logo":{"@type":"ImageObject","inLanguage":"tr","@id":"https:\/\/medyaetikkurulu.org\/#\/schema\/logo\/image\/","url":"https:\/\/i0.wp.com\/medyaetikkurulu.org\/wp-content\/uploads\/2025\/05\/MEK-copy-1.png?fit=960%2C960","contentUrl":"https:\/\/i0.wp.com\/medyaetikkurulu.org\/wp-content\/uploads\/2025\/05\/MEK-copy-1.png?fit=960%2C960","width":960,"height":960,"caption":"Medya Etik Kurulu"},"image":{"@id":"https:\/\/medyaetikkurulu.org\/#\/schema\/logo\/image\/"},"sameAs":["https:\/\/www.facebook.com\/medyaetikkurulu","https:\/\/x.com\/medyaetikkurulu","https:\/\/www.instagram.com\/medyaetikkurulu"]},{"@type":"Person","@id":"https:\/\/medyaetikkurulu.org\/#\/schema\/person\/021e54e29d29c71d6df28fa0fdbebeb7","name":"medyaetikkurulu","image":{"@type":"ImageObject","inLanguage":"tr","@id":"https:\/\/medyaetikkurulu.org\/#\/schema\/person\/image\/","url":"https:\/\/secure.gravatar.com\/avatar\/6d6ecbabbab467ae2e81337250a5ab85a175a9d7259ba03d0295920d04351e84?s=96&d=mm&r=g","contentUrl":"https:\/\/secure.gravatar.com\/avatar\/6d6ecbabbab467ae2e81337250a5ab85a175a9d7259ba03d0295920d04351e84?s=96&d=mm&r=g","caption":"medyaetikkurulu"},"url":"https:\/\/medyaetikkurulu.org\/index.php\/author\/medyaetikkurulu\/"}]}},"jetpack_featured_media_url":"https:\/\/i0.wp.com\/medyaetikkurulu.org\/wp-content\/uploads\/2025\/08\/aciklama.jpg?fit=1080%2C1350&ssl=1","jetpack_sharing_enabled":true,"_links":{"self":[{"href":"https:\/\/medyaetikkurulu.org\/index.php\/wp-json\/wp\/v2\/posts\/1248","targetHints":{"allow":["GET"]}}],"collection":[{"href":"https:\/\/medyaetikkurulu.org\/index.php\/wp-json\/wp\/v2\/posts"}],"about":[{"href":"https:\/\/medyaetikkurulu.org\/index.php\/wp-json\/wp\/v2\/types\/post"}],"author":[{"embeddable":true,"href":"https:\/\/medyaetikkurulu.org\/index.php\/wp-json\/wp\/v2\/users\/2"}],"replies":[{"embeddable":true,"href":"https:\/\/medyaetikkurulu.org\/index.php\/wp-json\/wp\/v2\/comments?post=1248"}],"version-history":[{"count":2,"href":"https:\/\/medyaetikkurulu.org\/index.php\/wp-json\/wp\/v2\/posts\/1248\/revisions"}],"predecessor-version":[{"id":1251,"href":"https:\/\/medyaetikkurulu.org\/index.php\/wp-json\/wp\/v2\/posts\/1248\/revisions\/1251"}],"wp:featuredmedia":[{"embeddable":true,"href":"https:\/\/medyaetikkurulu.org\/index.php\/wp-json\/wp\/v2\/media\/1249"}],"wp:attachment":[{"href":"https:\/\/medyaetikkurulu.org\/index.php\/wp-json\/wp\/v2\/media?parent=1248"}],"wp:term":[{"taxonomy":"category","embeddable":true,"href":"https:\/\/medyaetikkurulu.org\/index.php\/wp-json\/wp\/v2\/categories?post=1248"},{"taxonomy":"post_tag","embeddable":true,"href":"https:\/\/medyaetikkurulu.org\/index.php\/wp-json\/wp\/v2\/tags?post=1248"}],"curies":[{"name":"wp","href":"https:\/\/api.w.org\/{rel}","templated":true}]}}