{"id":1289,"date":"2025-11-11T19:10:16","date_gmt":"2025-11-11T17:10:16","guid":{"rendered":"https:\/\/medyaetikkurulu.org\/?p=1289"},"modified":"2025-11-11T19:15:30","modified_gmt":"2025-11-11T17:15:30","slug":"11-kasim-2025-medya-etik-kurulu-kararlari-yuzyuze-toplanti","status":"publish","type":"post","link":"https:\/\/medyaetikkurulu.org\/index.php\/2025\/11\/11\/11-kasim-2025-medya-etik-kurulu-kararlari-yuzyuze-toplanti\/","title":{"rendered":"11 Kas\u0131m 2025 Medya Etik Kurulu Kararlar\u0131 (Y\u00fczy\u00fcze Toplant\u0131)"},"content":{"rendered":"\n<p class=\"has-text-align-center\"><strong>Karar 203<\/strong><\/p>\n\n\n\n<p>10 Aral\u0131k \u0130nsan Haklar\u0131 G\u00fcn\u00fc\u2019nde Yak\u0131n Do\u011fu \u00dcniversitesi\u2019nde ger\u00e7ekle\u015ftirilecek sempozyuma Medya Etik Kurulu ad\u0131na Av. Melis T\u00fcrkkal kat\u0131lacak. T\u00fcrkkal sempozyumda, \u201cKKTC&#8217;de Medya, Etik ve \u0130nsan Haklar\u0131: Medya Etik Kurulu&#8217;nun\u00a0Rol\u00fc\u201d ba\u015fl\u0131kl\u0131 bir konu\u015fma yapacak.<\/p>\n\n\n\n<p class=\"has-text-align-center\"><strong>Karar 204<\/strong><\/p>\n\n\n\n<p>Medya Etik Kurulu\u2019ndaki g\u00f6rev s\u00fcremizde ge\u00e7irdi\u011fimiz 1 y\u0131ll\u0131k genel de\u011ferlendirme yaz\u0131lacak. Yaz\u0131y\u0131 \u00c7a\u011fda\u015f \u00d6\u011f\u00fc\u00e7 yazacak. Konu bir senede neler yap\u0131ld\u0131\u011f\u0131, g\u00fcncellenen deklarasyon, a\u00e7\u0131klamalardan kesitler, genel bir te\u015fekk\u00fcr ve son d\u00f6nemlerde medyada iyi niyetin suistimal edilmesi ile ilgili olacak.<\/p>\n\n\n\n<p class=\"has-text-align-center\"><strong>Karar 205<\/strong><\/p>\n\n\n\n<p>Meclis\u2019ten ge\u00e7en Sicil Aff\u0131 Yasas\u0131 ile ilgili ayr\u0131 bir bas\u0131n a\u00e7\u0131klamas\u0131 haz\u0131rlanacak. Gazetecilerin etik sorumluluklar\u0131 hat\u0131rlat\u0131lacak.<\/p>\n","protected":false},"excerpt":{"rendered":"<p>Karar 203 10 Aral\u0131k \u0130nsan Haklar\u0131 G\u00fcn\u00fc\u2019nde Yak\u0131n Do\u011fu \u00dcniversitesi\u2019nde ger\u00e7ekle\u015ftirilecek sempozyuma Medya Etik Kurulu ad\u0131na Av. Melis T\u00fcrkkal kat\u0131lacak. T\u00fcrkkal sempozyumda, \u201cKKTC&#8217;de Medya, Etik ve \u0130nsan Haklar\u0131: Medya Etik Kurulu&#8217;nun\u00a0Rol\u00fc\u201d ba\u015fl\u0131kl\u0131 bir konu\u015fma yapacak. Karar 204 Medya Etik Kurulu\u2019ndaki g\u00f6rev s\u00fcremizde ge\u00e7irdi\u011fimiz 1 y\u0131ll\u0131k genel de\u011ferlendirme yaz\u0131lacak. Yaz\u0131y\u0131 \u00c7a\u011fda\u015f \u00d6\u011f\u00fc\u00e7 yazacak. Konu bir senede [&hellip;]<\/p>\n","protected":false},"author":2,"featured_media":1012,"comment_status":"open","ping_status":"open","sticky":false,"template":"","format":"standard","meta":{"saved_in_kubio":false,"_jetpack_memberships_contains_paid_content":false,"footnotes":""},"categories":[3],"tags":[],"class_list":["post-1289","post","type-post","status-publish","format-standard","has-post-thumbnail","hentry","category-kararlar"],"yoast_head":"<!-- This site is optimized with the Yoast SEO plugin v25.3.1 - https:\/\/yoast.com\/wordpress\/plugins\/seo\/ -->\r\n<title>11 Kas\u0131m 2025 Medya Etik Kurulu Kararlar\u0131 (Y\u00fczy\u00fcze Toplant\u0131) - Medya Etik Kurulu<\/title>\r\n<meta name=\"robots\" content=\"index, follow, max-snippet:-1, max-image-preview:large, max-video-preview:-1\" \/>\r\n<link rel=\"canonical\" href=\"https:\/\/medyaetikkurulu.org\/index.php\/2025\/11\/11\/11-kasim-2025-medya-etik-kurulu-kararlari-yuzyuze-toplanti\/\" \/>\r\n<meta property=\"og:locale\" content=\"tr_TR\" \/>\r\n<meta property=\"og:type\" content=\"article\" \/>\r\n<meta property=\"og:title\" content=\"11 Kas\u0131m 2025 Medya Etik Kurulu Kararlar\u0131 (Y\u00fczy\u00fcze Toplant\u0131) - Medya Etik Kurulu\" \/>\r\n<meta property=\"og:description\" content=\"Karar 203 10 Aral\u0131k \u0130nsan Haklar\u0131 G\u00fcn\u00fc\u2019nde Yak\u0131n Do\u011fu \u00dcniversitesi\u2019nde ger\u00e7ekle\u015ftirilecek sempozyuma Medya Etik Kurulu ad\u0131na Av. Melis T\u00fcrkkal kat\u0131lacak. T\u00fcrkkal sempozyumda, \u201cKKTC&#8217;de Medya, Etik ve \u0130nsan Haklar\u0131: Medya Etik Kurulu&#8217;nun\u00a0Rol\u00fc\u201d ba\u015fl\u0131kl\u0131 bir konu\u015fma yapacak. Karar 204 Medya Etik Kurulu\u2019ndaki g\u00f6rev s\u00fcremizde ge\u00e7irdi\u011fimiz 1 y\u0131ll\u0131k genel de\u011ferlendirme yaz\u0131lacak. Yaz\u0131y\u0131 \u00c7a\u011fda\u015f \u00d6\u011f\u00fc\u00e7 yazacak. Konu bir senede [&hellip;]\" \/>\r\n<meta property=\"og:url\" content=\"https:\/\/medyaetikkurulu.org\/index.php\/2025\/11\/11\/11-kasim-2025-medya-etik-kurulu-kararlari-yuzyuze-toplanti\/\" \/>\r\n<meta property=\"og:site_name\" content=\"Medya Etik Kurulu\" \/>\r\n<meta property=\"article:publisher\" content=\"https:\/\/www.facebook.com\/medyaetikkurulu\" \/>\r\n<meta property=\"article:published_time\" content=\"2025-11-11T17:10:16+00:00\" \/>\r\n<meta property=\"article:modified_time\" content=\"2025-11-11T17:15:30+00:00\" \/>\r\n<meta property=\"og:image\" content=\"https:\/\/medyaetikkurulu.org\/wp-content\/uploads\/2025\/04\/atlassian_team_decisions_1120x545@2x-1560x760-1.jpg\" \/>\r\n\t<meta property=\"og:image:width\" content=\"1560\" \/>\r\n\t<meta property=\"og:image:height\" content=\"760\" \/>\r\n\t<meta property=\"og:image:type\" content=\"image\/jpeg\" \/>\r\n<meta name=\"author\" content=\"medyaetikkurulu\" \/>\r\n<meta name=\"twitter:card\" content=\"summary_large_image\" \/>\r\n<meta name=\"twitter:creator\" content=\"@medyaetikkurulu\" \/>\r\n<meta name=\"twitter:site\" content=\"@medyaetikkurulu\" \/>\r\n<meta name=\"twitter:label1\" content=\"Yazan:\" \/>\n\t<meta name=\"twitter:data1\" content=\"medyaetikkurulu\" \/>\n\t<meta name=\"twitter:label2\" content=\"Tahmini okuma s\u00fcresi\" \/>\n\t<meta name=\"twitter:data2\" content=\"1 dakika\" \/>\r\n<script type=\"application\/ld+json\" class=\"yoast-schema-graph\">{\"@context\":\"https:\/\/schema.org\",\"@graph\":[{\"@type\":\"Article\",\"@id\":\"https:\/\/medyaetikkurulu.org\/index.php\/2025\/11\/11\/11-kasim-2025-medya-etik-kurulu-kararlari-yuzyuze-toplanti\/#article\",\"isPartOf\":{\"@id\":\"https:\/\/medyaetikkurulu.org\/index.php\/2025\/11\/11\/11-kasim-2025-medya-etik-kurulu-kararlari-yuzyuze-toplanti\/\"},\"author\":{\"name\":\"medyaetikkurulu\",\"@id\":\"https:\/\/medyaetikkurulu.org\/#\/schema\/person\/021e54e29d29c71d6df28fa0fdbebeb7\"},\"headline\":\"11 Kas\u0131m 2025 Medya Etik Kurulu Kararlar\u0131 (Y\u00fczy\u00fcze Toplant\u0131)\",\"datePublished\":\"2025-11-11T17:10:16+00:00\",\"dateModified\":\"2025-11-11T17:15:30+00:00\",\"mainEntityOfPage\":{\"@id\":\"https:\/\/medyaetikkurulu.org\/index.php\/2025\/11\/11\/11-kasim-2025-medya-etik-kurulu-kararlari-yuzyuze-toplanti\/\"},\"wordCount\":137,\"commentCount\":0,\"publisher\":{\"@id\":\"https:\/\/medyaetikkurulu.org\/#organization\"},\"image\":{\"@id\":\"https:\/\/medyaetikkurulu.org\/index.php\/2025\/11\/11\/11-kasim-2025-medya-etik-kurulu-kararlari-yuzyuze-toplanti\/#primaryimage\"},\"thumbnailUrl\":\"https:\/\/i0.wp.com\/medyaetikkurulu.org\/wp-content\/uploads\/2025\/04\/atlassian_team_decisions_1120x545%402x-1560x760-1.jpg?fit=1560%2C760&ssl=1\",\"articleSection\":[\"Kararlar\"],\"inLanguage\":\"tr\",\"potentialAction\":[{\"@type\":\"CommentAction\",\"name\":\"Comment\",\"target\":[\"https:\/\/medyaetikkurulu.org\/index.php\/2025\/11\/11\/11-kasim-2025-medya-etik-kurulu-kararlari-yuzyuze-toplanti\/#respond\"]}]},{\"@type\":\"WebPage\",\"@id\":\"https:\/\/medyaetikkurulu.org\/index.php\/2025\/11\/11\/11-kasim-2025-medya-etik-kurulu-kararlari-yuzyuze-toplanti\/\",\"url\":\"https:\/\/medyaetikkurulu.org\/index.php\/2025\/11\/11\/11-kasim-2025-medya-etik-kurulu-kararlari-yuzyuze-toplanti\/\",\"name\":\"11 Kas\u0131m 2025 Medya Etik Kurulu Kararlar\u0131 (Y\u00fczy\u00fcze Toplant\u0131) - Medya Etik Kurulu\",\"isPartOf\":{\"@id\":\"https:\/\/medyaetikkurulu.org\/#website\"},\"primaryImageOfPage\":{\"@id\":\"https:\/\/medyaetikkurulu.org\/index.php\/2025\/11\/11\/11-kasim-2025-medya-etik-kurulu-kararlari-yuzyuze-toplanti\/#primaryimage\"},\"image\":{\"@id\":\"https:\/\/medyaetikkurulu.org\/index.php\/2025\/11\/11\/11-kasim-2025-medya-etik-kurulu-kararlari-yuzyuze-toplanti\/#primaryimage\"},\"thumbnailUrl\":\"https:\/\/i0.wp.com\/medyaetikkurulu.org\/wp-content\/uploads\/2025\/04\/atlassian_team_decisions_1120x545%402x-1560x760-1.jpg?fit=1560%2C760&ssl=1\",\"datePublished\":\"2025-11-11T17:10:16+00:00\",\"dateModified\":\"2025-11-11T17:15:30+00:00\",\"breadcrumb\":{\"@id\":\"https:\/\/medyaetikkurulu.org\/index.php\/2025\/11\/11\/11-kasim-2025-medya-etik-kurulu-kararlari-yuzyuze-toplanti\/#breadcrumb\"},\"inLanguage\":\"tr\",\"potentialAction\":[{\"@type\":\"ReadAction\",\"target\":[\"https:\/\/medyaetikkurulu.org\/index.php\/2025\/11\/11\/11-kasim-2025-medya-etik-kurulu-kararlari-yuzyuze-toplanti\/\"]}]},{\"@type\":\"ImageObject\",\"inLanguage\":\"tr\",\"@id\":\"https:\/\/medyaetikkurulu.org\/index.php\/2025\/11\/11\/11-kasim-2025-medya-etik-kurulu-kararlari-yuzyuze-toplanti\/#primaryimage\",\"url\":\"https:\/\/i0.wp.com\/medyaetikkurulu.org\/wp-content\/uploads\/2025\/04\/atlassian_team_decisions_1120x545%402x-1560x760-1.jpg?fit=1560%2C760&ssl=1\",\"contentUrl\":\"https:\/\/i0.wp.com\/medyaetikkurulu.org\/wp-content\/uploads\/2025\/04\/atlassian_team_decisions_1120x545%402x-1560x760-1.jpg?fit=1560%2C760&ssl=1\",\"width\":1560,\"height\":760},{\"@type\":\"BreadcrumbList\",\"@id\":\"https:\/\/medyaetikkurulu.org\/index.php\/2025\/11\/11\/11-kasim-2025-medya-etik-kurulu-kararlari-yuzyuze-toplanti\/#breadcrumb\",\"itemListElement\":[{\"@type\":\"ListItem\",\"position\":1,\"name\":\"Anasayfa\",\"item\":\"https:\/\/medyaetikkurulu.org\/\"},{\"@type\":\"ListItem\",\"position\":2,\"name\":\"11 Kas\u0131m 2025 Medya Etik Kurulu Kararlar\u0131 (Y\u00fczy\u00fcze Toplant\u0131)\"}]},{\"@type\":\"WebSite\",\"@id\":\"https:\/\/medyaetikkurulu.org\/#website\",\"url\":\"https:\/\/medyaetikkurulu.org\/\",\"name\":\"Medya Etik Kurulu\",\"description\":\"Medya Etik Kurulu\",\"publisher\":{\"@id\":\"https:\/\/medyaetikkurulu.org\/#organization\"},\"alternateName\":\"MEK\",\"potentialAction\":[{\"@type\":\"SearchAction\",\"target\":{\"@type\":\"EntryPoint\",\"urlTemplate\":\"https:\/\/medyaetikkurulu.org\/?s={search_term_string}\"},\"query-input\":{\"@type\":\"PropertyValueSpecification\",\"valueRequired\":true,\"valueName\":\"search_term_string\"}}],\"inLanguage\":\"tr\"},{\"@type\":\"Organization\",\"@id\":\"https:\/\/medyaetikkurulu.org\/#organization\",\"name\":\"Medya Etik Kurulu\",\"alternateName\":\"MEK\",\"url\":\"https:\/\/medyaetikkurulu.org\/\",\"logo\":{\"@type\":\"ImageObject\",\"inLanguage\":\"tr\",\"@id\":\"https:\/\/medyaetikkurulu.org\/#\/schema\/logo\/image\/\",\"url\":\"https:\/\/i0.wp.com\/medyaetikkurulu.org\/wp-content\/uploads\/2025\/05\/MEK-copy-1.png?fit=960%2C960\",\"contentUrl\":\"https:\/\/i0.wp.com\/medyaetikkurulu.org\/wp-content\/uploads\/2025\/05\/MEK-copy-1.png?fit=960%2C960\",\"width\":960,\"height\":960,\"caption\":\"Medya Etik Kurulu\"},\"image\":{\"@id\":\"https:\/\/medyaetikkurulu.org\/#\/schema\/logo\/image\/\"},\"sameAs\":[\"https:\/\/www.facebook.com\/medyaetikkurulu\",\"https:\/\/x.com\/medyaetikkurulu\",\"https:\/\/www.instagram.com\/medyaetikkurulu\"]},{\"@type\":\"Person\",\"@id\":\"https:\/\/medyaetikkurulu.org\/#\/schema\/person\/021e54e29d29c71d6df28fa0fdbebeb7\",\"name\":\"medyaetikkurulu\",\"image\":{\"@type\":\"ImageObject\",\"inLanguage\":\"tr\",\"@id\":\"https:\/\/medyaetikkurulu.org\/#\/schema\/person\/image\/\",\"url\":\"https:\/\/secure.gravatar.com\/avatar\/6d6ecbabbab467ae2e81337250a5ab85a175a9d7259ba03d0295920d04351e84?s=96&d=mm&r=g\",\"contentUrl\":\"https:\/\/secure.gravatar.com\/avatar\/6d6ecbabbab467ae2e81337250a5ab85a175a9d7259ba03d0295920d04351e84?s=96&d=mm&r=g\",\"caption\":\"medyaetikkurulu\"},\"url\":\"https:\/\/medyaetikkurulu.org\/index.php\/author\/medyaetikkurulu\/\"}]}<\/script>\r\n<!-- \/ Yoast SEO plugin. -->","yoast_head_json":{"title":"11 Kas\u0131m 2025 Medya Etik Kurulu Kararlar\u0131 (Y\u00fczy\u00fcze Toplant\u0131) - Medya Etik Kurulu","robots":{"index":"index","follow":"follow","max-snippet":"max-snippet:-1","max-image-preview":"max-image-preview:large","max-video-preview":"max-video-preview:-1"},"canonical":"https:\/\/medyaetikkurulu.org\/index.php\/2025\/11\/11\/11-kasim-2025-medya-etik-kurulu-kararlari-yuzyuze-toplanti\/","og_locale":"tr_TR","og_type":"article","og_title":"11 Kas\u0131m 2025 Medya Etik Kurulu Kararlar\u0131 (Y\u00fczy\u00fcze Toplant\u0131) - Medya Etik Kurulu","og_description":"Karar 203 10 Aral\u0131k \u0130nsan Haklar\u0131 G\u00fcn\u00fc\u2019nde Yak\u0131n Do\u011fu \u00dcniversitesi\u2019nde ger\u00e7ekle\u015ftirilecek sempozyuma Medya Etik Kurulu ad\u0131na Av. Melis T\u00fcrkkal kat\u0131lacak. T\u00fcrkkal sempozyumda, \u201cKKTC&#8217;de Medya, Etik ve \u0130nsan Haklar\u0131: Medya Etik Kurulu&#8217;nun\u00a0Rol\u00fc\u201d ba\u015fl\u0131kl\u0131 bir konu\u015fma yapacak. Karar 204 Medya Etik Kurulu\u2019ndaki g\u00f6rev s\u00fcremizde ge\u00e7irdi\u011fimiz 1 y\u0131ll\u0131k genel de\u011ferlendirme yaz\u0131lacak. Yaz\u0131y\u0131 \u00c7a\u011fda\u015f \u00d6\u011f\u00fc\u00e7 yazacak. Konu bir senede [&hellip;]","og_url":"https:\/\/medyaetikkurulu.org\/index.php\/2025\/11\/11\/11-kasim-2025-medya-etik-kurulu-kararlari-yuzyuze-toplanti\/","og_site_name":"Medya Etik Kurulu","article_publisher":"https:\/\/www.facebook.com\/medyaetikkurulu","article_published_time":"2025-11-11T17:10:16+00:00","article_modified_time":"2025-11-11T17:15:30+00:00","og_image":[{"width":1560,"height":760,"url":"https:\/\/medyaetikkurulu.org\/wp-content\/uploads\/2025\/04\/atlassian_team_decisions_1120x545@2x-1560x760-1.jpg","type":"image\/jpeg"}],"author":"medyaetikkurulu","twitter_card":"summary_large_image","twitter_creator":"@medyaetikkurulu","twitter_site":"@medyaetikkurulu","twitter_misc":{"Yazan:":"medyaetikkurulu","Tahmini okuma s\u00fcresi":"1 dakika"},"schema":{"@context":"https:\/\/schema.org","@graph":[{"@type":"Article","@id":"https:\/\/medyaetikkurulu.org\/index.php\/2025\/11\/11\/11-kasim-2025-medya-etik-kurulu-kararlari-yuzyuze-toplanti\/#article","isPartOf":{"@id":"https:\/\/medyaetikkurulu.org\/index.php\/2025\/11\/11\/11-kasim-2025-medya-etik-kurulu-kararlari-yuzyuze-toplanti\/"},"author":{"name":"medyaetikkurulu","@id":"https:\/\/medyaetikkurulu.org\/#\/schema\/person\/021e54e29d29c71d6df28fa0fdbebeb7"},"headline":"11 Kas\u0131m 2025 Medya Etik Kurulu Kararlar\u0131 (Y\u00fczy\u00fcze Toplant\u0131)","datePublished":"2025-11-11T17:10:16+00:00","dateModified":"2025-11-11T17:15:30+00:00","mainEntityOfPage":{"@id":"https:\/\/medyaetikkurulu.org\/index.php\/2025\/11\/11\/11-kasim-2025-medya-etik-kurulu-kararlari-yuzyuze-toplanti\/"},"wordCount":137,"commentCount":0,"publisher":{"@id":"https:\/\/medyaetikkurulu.org\/#organization"},"image":{"@id":"https:\/\/medyaetikkurulu.org\/index.php\/2025\/11\/11\/11-kasim-2025-medya-etik-kurulu-kararlari-yuzyuze-toplanti\/#primaryimage"},"thumbnailUrl":"https:\/\/i0.wp.com\/medyaetikkurulu.org\/wp-content\/uploads\/2025\/04\/atlassian_team_decisions_1120x545%402x-1560x760-1.jpg?fit=1560%2C760&ssl=1","articleSection":["Kararlar"],"inLanguage":"tr","potentialAction":[{"@type":"CommentAction","name":"Comment","target":["https:\/\/medyaetikkurulu.org\/index.php\/2025\/11\/11\/11-kasim-2025-medya-etik-kurulu-kararlari-yuzyuze-toplanti\/#respond"]}]},{"@type":"WebPage","@id":"https:\/\/medyaetikkurulu.org\/index.php\/2025\/11\/11\/11-kasim-2025-medya-etik-kurulu-kararlari-yuzyuze-toplanti\/","url":"https:\/\/medyaetikkurulu.org\/index.php\/2025\/11\/11\/11-kasim-2025-medya-etik-kurulu-kararlari-yuzyuze-toplanti\/","name":"11 Kas\u0131m 2025 Medya Etik Kurulu Kararlar\u0131 (Y\u00fczy\u00fcze Toplant\u0131) - Medya Etik Kurulu","isPartOf":{"@id":"https:\/\/medyaetikkurulu.org\/#website"},"primaryImageOfPage":{"@id":"https:\/\/medyaetikkurulu.org\/index.php\/2025\/11\/11\/11-kasim-2025-medya-etik-kurulu-kararlari-yuzyuze-toplanti\/#primaryimage"},"image":{"@id":"https:\/\/medyaetikkurulu.org\/index.php\/2025\/11\/11\/11-kasim-2025-medya-etik-kurulu-kararlari-yuzyuze-toplanti\/#primaryimage"},"thumbnailUrl":"https:\/\/i0.wp.com\/medyaetikkurulu.org\/wp-content\/uploads\/2025\/04\/atlassian_team_decisions_1120x545%402x-1560x760-1.jpg?fit=1560%2C760&ssl=1","datePublished":"2025-11-11T17:10:16+00:00","dateModified":"2025-11-11T17:15:30+00:00","breadcrumb":{"@id":"https:\/\/medyaetikkurulu.org\/index.php\/2025\/11\/11\/11-kasim-2025-medya-etik-kurulu-kararlari-yuzyuze-toplanti\/#breadcrumb"},"inLanguage":"tr","potentialAction":[{"@type":"ReadAction","target":["https:\/\/medyaetikkurulu.org\/index.php\/2025\/11\/11\/11-kasim-2025-medya-etik-kurulu-kararlari-yuzyuze-toplanti\/"]}]},{"@type":"ImageObject","inLanguage":"tr","@id":"https:\/\/medyaetikkurulu.org\/index.php\/2025\/11\/11\/11-kasim-2025-medya-etik-kurulu-kararlari-yuzyuze-toplanti\/#primaryimage","url":"https:\/\/i0.wp.com\/medyaetikkurulu.org\/wp-content\/uploads\/2025\/04\/atlassian_team_decisions_1120x545%402x-1560x760-1.jpg?fit=1560%2C760&ssl=1","contentUrl":"https:\/\/i0.wp.com\/medyaetikkurulu.org\/wp-content\/uploads\/2025\/04\/atlassian_team_decisions_1120x545%402x-1560x760-1.jpg?fit=1560%2C760&ssl=1","width":1560,"height":760},{"@type":"BreadcrumbList","@id":"https:\/\/medyaetikkurulu.org\/index.php\/2025\/11\/11\/11-kasim-2025-medya-etik-kurulu-kararlari-yuzyuze-toplanti\/#breadcrumb","itemListElement":[{"@type":"ListItem","position":1,"name":"Anasayfa","item":"https:\/\/medyaetikkurulu.org\/"},{"@type":"ListItem","position":2,"name":"11 Kas\u0131m 2025 Medya Etik Kurulu Kararlar\u0131 (Y\u00fczy\u00fcze Toplant\u0131)"}]},{"@type":"WebSite","@id":"https:\/\/medyaetikkurulu.org\/#website","url":"https:\/\/medyaetikkurulu.org\/","name":"Medya Etik Kurulu","description":"Medya Etik Kurulu","publisher":{"@id":"https:\/\/medyaetikkurulu.org\/#organization"},"alternateName":"MEK","potentialAction":[{"@type":"SearchAction","target":{"@type":"EntryPoint","urlTemplate":"https:\/\/medyaetikkurulu.org\/?s={search_term_string}"},"query-input":{"@type":"PropertyValueSpecification","valueRequired":true,"valueName":"search_term_string"}}],"inLanguage":"tr"},{"@type":"Organization","@id":"https:\/\/medyaetikkurulu.org\/#organization","name":"Medya Etik Kurulu","alternateName":"MEK","url":"https:\/\/medyaetikkurulu.org\/","logo":{"@type":"ImageObject","inLanguage":"tr","@id":"https:\/\/medyaetikkurulu.org\/#\/schema\/logo\/image\/","url":"https:\/\/i0.wp.com\/medyaetikkurulu.org\/wp-content\/uploads\/2025\/05\/MEK-copy-1.png?fit=960%2C960","contentUrl":"https:\/\/i0.wp.com\/medyaetikkurulu.org\/wp-content\/uploads\/2025\/05\/MEK-copy-1.png?fit=960%2C960","width":960,"height":960,"caption":"Medya Etik Kurulu"},"image":{"@id":"https:\/\/medyaetikkurulu.org\/#\/schema\/logo\/image\/"},"sameAs":["https:\/\/www.facebook.com\/medyaetikkurulu","https:\/\/x.com\/medyaetikkurulu","https:\/\/www.instagram.com\/medyaetikkurulu"]},{"@type":"Person","@id":"https:\/\/medyaetikkurulu.org\/#\/schema\/person\/021e54e29d29c71d6df28fa0fdbebeb7","name":"medyaetikkurulu","image":{"@type":"ImageObject","inLanguage":"tr","@id":"https:\/\/medyaetikkurulu.org\/#\/schema\/person\/image\/","url":"https:\/\/secure.gravatar.com\/avatar\/6d6ecbabbab467ae2e81337250a5ab85a175a9d7259ba03d0295920d04351e84?s=96&d=mm&r=g","contentUrl":"https:\/\/secure.gravatar.com\/avatar\/6d6ecbabbab467ae2e81337250a5ab85a175a9d7259ba03d0295920d04351e84?s=96&d=mm&r=g","caption":"medyaetikkurulu"},"url":"https:\/\/medyaetikkurulu.org\/index.php\/author\/medyaetikkurulu\/"}]}},"jetpack_featured_media_url":"https:\/\/i0.wp.com\/medyaetikkurulu.org\/wp-content\/uploads\/2025\/04\/atlassian_team_decisions_1120x545%402x-1560x760-1.jpg?fit=1560%2C760&ssl=1","jetpack_sharing_enabled":true,"_links":{"self":[{"href":"https:\/\/medyaetikkurulu.org\/index.php\/wp-json\/wp\/v2\/posts\/1289","targetHints":{"allow":["GET"]}}],"collection":[{"href":"https:\/\/medyaetikkurulu.org\/index.php\/wp-json\/wp\/v2\/posts"}],"about":[{"href":"https:\/\/medyaetikkurulu.org\/index.php\/wp-json\/wp\/v2\/types\/post"}],"author":[{"embeddable":true,"href":"https:\/\/medyaetikkurulu.org\/index.php\/wp-json\/wp\/v2\/users\/2"}],"replies":[{"embeddable":true,"href":"https:\/\/medyaetikkurulu.org\/index.php\/wp-json\/wp\/v2\/comments?post=1289"}],"version-history":[{"count":2,"href":"https:\/\/medyaetikkurulu.org\/index.php\/wp-json\/wp\/v2\/posts\/1289\/revisions"}],"predecessor-version":[{"id":1291,"href":"https:\/\/medyaetikkurulu.org\/index.php\/wp-json\/wp\/v2\/posts\/1289\/revisions\/1291"}],"wp:featuredmedia":[{"embeddable":true,"href":"https:\/\/medyaetikkurulu.org\/index.php\/wp-json\/wp\/v2\/media\/1012"}],"wp:attachment":[{"href":"https:\/\/medyaetikkurulu.org\/index.php\/wp-json\/wp\/v2\/media?parent=1289"}],"wp:term":[{"taxonomy":"category","embeddable":true,"href":"https:\/\/medyaetikkurulu.org\/index.php\/wp-json\/wp\/v2\/categories?post=1289"},{"taxonomy":"post_tag","embeddable":true,"href":"https:\/\/medyaetikkurulu.org\/index.php\/wp-json\/wp\/v2\/tags?post=1289"}],"curies":[{"name":"wp","href":"https:\/\/api.w.org\/{rel}","templated":true}]}}