{"id":1347,"date":"2026-04-22T09:09:54","date_gmt":"2026-04-22T07:09:54","guid":{"rendered":"https:\/\/medyaetikkurulu.org\/?p=1347"},"modified":"2026-04-22T09:09:59","modified_gmt":"2026-04-22T07:09:59","slug":"21-nisan-2026-medya-etik-kurulu-kararlari","status":"publish","type":"post","link":"https:\/\/medyaetikkurulu.org\/index.php\/2026\/04\/22\/21-nisan-2026-medya-etik-kurulu-kararlari\/","title":{"rendered":"21 Nisan 2026 \u2013 Medya Etik Kurulu Kararlar\u0131"},"content":{"rendered":"\n<p class=\"has-text-align-center\"><strong>Karar 208<\/strong><\/p>\n\n\n\n<p>DA\u00dc Rekt\u00f6r\u00fc Hasan K\u0131l\u0131\u00e7 10 Nisan tarihinde kurula \u015fikayette bulunmu\u015ftur. Kurul, K\u0131l\u0131\u00e7\u2019\u0131n \u015fikayetini de\u011ferlendirilerek karara ba\u011flad\u0131. Karar do\u011frultusunda, K\u0131l\u0131\u00e7\u2019a bir mail at\u0131larak, ilgili haber i\u00e7eri\u011finin de\u011ferlendirildi\u011fi ancak kamuya mal olmu\u015f ki\u015filerin ele\u015ftiriye daha a\u00e7\u0131k olmas\u0131 gerekti\u011fine dair karar verildi\u011fi bildirilecek. Kamuoyuna a\u00e7\u0131klama yap\u0131lmayacak. A\u00e7\u0131klamay\u0131 \u00c7a\u011fda\u015f \u00d6\u011f\u00fc\u00e7 haz\u0131rlayacak.<\/p>\n\n\n\n<p class=\"has-text-align-center\"><strong>Karar 209<\/strong><\/p>\n\n\n\n<p>\u015eikayet g\u00f6r\u00fc\u015f\u00fcld\u00fc. Genel bir bas\u0131n a\u00e7\u0131klamas\u0131 haz\u0131rlanacak. \u0130\u00e7erik ve foto\u011fraf uyumuna y\u00f6nelik a\u00e7\u0131klama yap\u0131lacak. A\u00e7\u0131klamay\u0131 Aysu Basri Akter haz\u0131rlayacak.<\/p>\n\n\n\n<p class=\"has-text-align-center\"><strong>Karar 210<\/strong><\/p>\n\n\n\n<p>Sa\u011fl\u0131k ve yurt d\u0131\u015f\u0131 durumlar\u0131 dolay\u0131s\u0131yla Mart ve Nisan ay\u0131 toplant\u0131lar\u0131n\u0131n tek defada sadece Nisan ay\u0131nda yap\u0131lmas\u0131na karar verildi.<\/p>\n","protected":false},"excerpt":{"rendered":"<p>Karar 208 DA\u00dc Rekt\u00f6r\u00fc Hasan K\u0131l\u0131\u00e7 10 Nisan tarihinde kurula \u015fikayette bulunmu\u015ftur. Kurul, K\u0131l\u0131\u00e7\u2019\u0131n \u015fikayetini de\u011ferlendirilerek karara ba\u011flad\u0131. Karar do\u011frultusunda, K\u0131l\u0131\u00e7\u2019a bir mail at\u0131larak, ilgili haber i\u00e7eri\u011finin de\u011ferlendirildi\u011fi ancak kamuya mal olmu\u015f ki\u015filerin ele\u015ftiriye daha a\u00e7\u0131k olmas\u0131 gerekti\u011fine dair karar verildi\u011fi bildirilecek. Kamuoyuna a\u00e7\u0131klama yap\u0131lmayacak. A\u00e7\u0131klamay\u0131 \u00c7a\u011fda\u015f \u00d6\u011f\u00fc\u00e7 haz\u0131rlayacak. Karar 209 \u015eikayet g\u00f6r\u00fc\u015f\u00fcld\u00fc. Genel bir [&hellip;]<\/p>\n","protected":false},"author":2,"featured_media":1012,"comment_status":"open","ping_status":"open","sticky":false,"template":"","format":"standard","meta":{"saved_in_kubio":false,"_jetpack_memberships_contains_paid_content":false,"footnotes":""},"categories":[3],"tags":[],"class_list":["post-1347","post","type-post","status-publish","format-standard","has-post-thumbnail","hentry","category-kararlar"],"yoast_head":"<!-- This site is optimized with the Yoast SEO plugin v25.3.1 - https:\/\/yoast.com\/wordpress\/plugins\/seo\/ -->\r\n<title>21 Nisan 2026 \u2013 Medya Etik Kurulu Kararlar\u0131 - Medya Etik Kurulu<\/title>\r\n<meta name=\"robots\" content=\"index, follow, max-snippet:-1, max-image-preview:large, max-video-preview:-1\" \/>\r\n<link rel=\"canonical\" href=\"https:\/\/medyaetikkurulu.org\/index.php\/2026\/04\/22\/21-nisan-2026-medya-etik-kurulu-kararlari\/\" \/>\r\n<meta property=\"og:locale\" content=\"tr_TR\" \/>\r\n<meta property=\"og:type\" content=\"article\" \/>\r\n<meta property=\"og:title\" content=\"21 Nisan 2026 \u2013 Medya Etik Kurulu Kararlar\u0131 - Medya Etik Kurulu\" \/>\r\n<meta property=\"og:description\" content=\"Karar 208 DA\u00dc Rekt\u00f6r\u00fc Hasan K\u0131l\u0131\u00e7 10 Nisan tarihinde kurula \u015fikayette bulunmu\u015ftur. Kurul, K\u0131l\u0131\u00e7\u2019\u0131n \u015fikayetini de\u011ferlendirilerek karara ba\u011flad\u0131. Karar do\u011frultusunda, K\u0131l\u0131\u00e7\u2019a bir mail at\u0131larak, ilgili haber i\u00e7eri\u011finin de\u011ferlendirildi\u011fi ancak kamuya mal olmu\u015f ki\u015filerin ele\u015ftiriye daha a\u00e7\u0131k olmas\u0131 gerekti\u011fine dair karar verildi\u011fi bildirilecek. Kamuoyuna a\u00e7\u0131klama yap\u0131lmayacak. A\u00e7\u0131klamay\u0131 \u00c7a\u011fda\u015f \u00d6\u011f\u00fc\u00e7 haz\u0131rlayacak. Karar 209 \u015eikayet g\u00f6r\u00fc\u015f\u00fcld\u00fc. Genel bir [&hellip;]\" \/>\r\n<meta property=\"og:url\" content=\"https:\/\/medyaetikkurulu.org\/index.php\/2026\/04\/22\/21-nisan-2026-medya-etik-kurulu-kararlari\/\" \/>\r\n<meta property=\"og:site_name\" content=\"Medya Etik Kurulu\" \/>\r\n<meta property=\"article:publisher\" content=\"https:\/\/www.facebook.com\/medyaetikkurulu\" \/>\r\n<meta property=\"article:published_time\" content=\"2026-04-22T07:09:54+00:00\" \/>\r\n<meta property=\"article:modified_time\" content=\"2026-04-22T07:09:59+00:00\" \/>\r\n<meta property=\"og:image\" content=\"https:\/\/medyaetikkurulu.org\/wp-content\/uploads\/2025\/04\/atlassian_team_decisions_1120x545@2x-1560x760-1.jpg\" \/>\r\n\t<meta property=\"og:image:width\" content=\"1560\" \/>\r\n\t<meta property=\"og:image:height\" content=\"760\" \/>\r\n\t<meta property=\"og:image:type\" content=\"image\/jpeg\" \/>\r\n<meta name=\"author\" content=\"medyaetikkurulu\" \/>\r\n<meta name=\"twitter:card\" content=\"summary_large_image\" \/>\r\n<meta name=\"twitter:creator\" content=\"@medyaetikkurulu\" \/>\r\n<meta name=\"twitter:site\" content=\"@medyaetikkurulu\" \/>\r\n<meta name=\"twitter:label1\" content=\"Yazan:\" \/>\n\t<meta name=\"twitter:data1\" content=\"medyaetikkurulu\" \/>\n\t<meta name=\"twitter:label2\" content=\"Tahmini okuma s\u00fcresi\" \/>\n\t<meta name=\"twitter:data2\" content=\"1 dakika\" \/>\r\n<script type=\"application\/ld+json\" class=\"yoast-schema-graph\">{\"@context\":\"https:\/\/schema.org\",\"@graph\":[{\"@type\":\"Article\",\"@id\":\"https:\/\/medyaetikkurulu.org\/index.php\/2026\/04\/22\/21-nisan-2026-medya-etik-kurulu-kararlari\/#article\",\"isPartOf\":{\"@id\":\"https:\/\/medyaetikkurulu.org\/index.php\/2026\/04\/22\/21-nisan-2026-medya-etik-kurulu-kararlari\/\"},\"author\":{\"name\":\"medyaetikkurulu\",\"@id\":\"https:\/\/medyaetikkurulu.org\/#\/schema\/person\/021e54e29d29c71d6df28fa0fdbebeb7\"},\"headline\":\"21 Nisan 2026 \u2013 Medya Etik Kurulu Kararlar\u0131\",\"datePublished\":\"2026-04-22T07:09:54+00:00\",\"dateModified\":\"2026-04-22T07:09:59+00:00\",\"mainEntityOfPage\":{\"@id\":\"https:\/\/medyaetikkurulu.org\/index.php\/2026\/04\/22\/21-nisan-2026-medya-etik-kurulu-kararlari\/\"},\"wordCount\":137,\"commentCount\":0,\"publisher\":{\"@id\":\"https:\/\/medyaetikkurulu.org\/#organization\"},\"image\":{\"@id\":\"https:\/\/medyaetikkurulu.org\/index.php\/2026\/04\/22\/21-nisan-2026-medya-etik-kurulu-kararlari\/#primaryimage\"},\"thumbnailUrl\":\"https:\/\/i0.wp.com\/medyaetikkurulu.org\/wp-content\/uploads\/2025\/04\/atlassian_team_decisions_1120x545%402x-1560x760-1.jpg?fit=1560%2C760&ssl=1\",\"articleSection\":[\"Kararlar\"],\"inLanguage\":\"tr\",\"potentialAction\":[{\"@type\":\"CommentAction\",\"name\":\"Comment\",\"target\":[\"https:\/\/medyaetikkurulu.org\/index.php\/2026\/04\/22\/21-nisan-2026-medya-etik-kurulu-kararlari\/#respond\"]}]},{\"@type\":\"WebPage\",\"@id\":\"https:\/\/medyaetikkurulu.org\/index.php\/2026\/04\/22\/21-nisan-2026-medya-etik-kurulu-kararlari\/\",\"url\":\"https:\/\/medyaetikkurulu.org\/index.php\/2026\/04\/22\/21-nisan-2026-medya-etik-kurulu-kararlari\/\",\"name\":\"21 Nisan 2026 \u2013 Medya Etik Kurulu Kararlar\u0131 - Medya Etik Kurulu\",\"isPartOf\":{\"@id\":\"https:\/\/medyaetikkurulu.org\/#website\"},\"primaryImageOfPage\":{\"@id\":\"https:\/\/medyaetikkurulu.org\/index.php\/2026\/04\/22\/21-nisan-2026-medya-etik-kurulu-kararlari\/#primaryimage\"},\"image\":{\"@id\":\"https:\/\/medyaetikkurulu.org\/index.php\/2026\/04\/22\/21-nisan-2026-medya-etik-kurulu-kararlari\/#primaryimage\"},\"thumbnailUrl\":\"https:\/\/i0.wp.com\/medyaetikkurulu.org\/wp-content\/uploads\/2025\/04\/atlassian_team_decisions_1120x545%402x-1560x760-1.jpg?fit=1560%2C760&ssl=1\",\"datePublished\":\"2026-04-22T07:09:54+00:00\",\"dateModified\":\"2026-04-22T07:09:59+00:00\",\"breadcrumb\":{\"@id\":\"https:\/\/medyaetikkurulu.org\/index.php\/2026\/04\/22\/21-nisan-2026-medya-etik-kurulu-kararlari\/#breadcrumb\"},\"inLanguage\":\"tr\",\"potentialAction\":[{\"@type\":\"ReadAction\",\"target\":[\"https:\/\/medyaetikkurulu.org\/index.php\/2026\/04\/22\/21-nisan-2026-medya-etik-kurulu-kararlari\/\"]}]},{\"@type\":\"ImageObject\",\"inLanguage\":\"tr\",\"@id\":\"https:\/\/medyaetikkurulu.org\/index.php\/2026\/04\/22\/21-nisan-2026-medya-etik-kurulu-kararlari\/#primaryimage\",\"url\":\"https:\/\/i0.wp.com\/medyaetikkurulu.org\/wp-content\/uploads\/2025\/04\/atlassian_team_decisions_1120x545%402x-1560x760-1.jpg?fit=1560%2C760&ssl=1\",\"contentUrl\":\"https:\/\/i0.wp.com\/medyaetikkurulu.org\/wp-content\/uploads\/2025\/04\/atlassian_team_decisions_1120x545%402x-1560x760-1.jpg?fit=1560%2C760&ssl=1\",\"width\":1560,\"height\":760},{\"@type\":\"BreadcrumbList\",\"@id\":\"https:\/\/medyaetikkurulu.org\/index.php\/2026\/04\/22\/21-nisan-2026-medya-etik-kurulu-kararlari\/#breadcrumb\",\"itemListElement\":[{\"@type\":\"ListItem\",\"position\":1,\"name\":\"Anasayfa\",\"item\":\"https:\/\/medyaetikkurulu.org\/\"},{\"@type\":\"ListItem\",\"position\":2,\"name\":\"21 Nisan 2026 \u2013 Medya Etik Kurulu Kararlar\u0131\"}]},{\"@type\":\"WebSite\",\"@id\":\"https:\/\/medyaetikkurulu.org\/#website\",\"url\":\"https:\/\/medyaetikkurulu.org\/\",\"name\":\"Medya Etik Kurulu\",\"description\":\"Medya Etik Kurulu\",\"publisher\":{\"@id\":\"https:\/\/medyaetikkurulu.org\/#organization\"},\"alternateName\":\"MEK\",\"potentialAction\":[{\"@type\":\"SearchAction\",\"target\":{\"@type\":\"EntryPoint\",\"urlTemplate\":\"https:\/\/medyaetikkurulu.org\/?s={search_term_string}\"},\"query-input\":{\"@type\":\"PropertyValueSpecification\",\"valueRequired\":true,\"valueName\":\"search_term_string\"}}],\"inLanguage\":\"tr\"},{\"@type\":\"Organization\",\"@id\":\"https:\/\/medyaetikkurulu.org\/#organization\",\"name\":\"Medya Etik Kurulu\",\"alternateName\":\"MEK\",\"url\":\"https:\/\/medyaetikkurulu.org\/\",\"logo\":{\"@type\":\"ImageObject\",\"inLanguage\":\"tr\",\"@id\":\"https:\/\/medyaetikkurulu.org\/#\/schema\/logo\/image\/\",\"url\":\"https:\/\/i0.wp.com\/medyaetikkurulu.org\/wp-content\/uploads\/2025\/05\/MEK-copy-1.png?fit=960%2C960\",\"contentUrl\":\"https:\/\/i0.wp.com\/medyaetikkurulu.org\/wp-content\/uploads\/2025\/05\/MEK-copy-1.png?fit=960%2C960\",\"width\":960,\"height\":960,\"caption\":\"Medya Etik Kurulu\"},\"image\":{\"@id\":\"https:\/\/medyaetikkurulu.org\/#\/schema\/logo\/image\/\"},\"sameAs\":[\"https:\/\/www.facebook.com\/medyaetikkurulu\",\"https:\/\/x.com\/medyaetikkurulu\",\"https:\/\/www.instagram.com\/medyaetikkurulu\"]},{\"@type\":\"Person\",\"@id\":\"https:\/\/medyaetikkurulu.org\/#\/schema\/person\/021e54e29d29c71d6df28fa0fdbebeb7\",\"name\":\"medyaetikkurulu\",\"image\":{\"@type\":\"ImageObject\",\"inLanguage\":\"tr\",\"@id\":\"https:\/\/medyaetikkurulu.org\/#\/schema\/person\/image\/\",\"url\":\"https:\/\/secure.gravatar.com\/avatar\/6d6ecbabbab467ae2e81337250a5ab85a175a9d7259ba03d0295920d04351e84?s=96&d=mm&r=g\",\"contentUrl\":\"https:\/\/secure.gravatar.com\/avatar\/6d6ecbabbab467ae2e81337250a5ab85a175a9d7259ba03d0295920d04351e84?s=96&d=mm&r=g\",\"caption\":\"medyaetikkurulu\"},\"url\":\"https:\/\/medyaetikkurulu.org\/index.php\/author\/medyaetikkurulu\/\"}]}<\/script>\r\n<!-- \/ Yoast SEO plugin. -->","yoast_head_json":{"title":"21 Nisan 2026 \u2013 Medya Etik Kurulu Kararlar\u0131 - Medya Etik Kurulu","robots":{"index":"index","follow":"follow","max-snippet":"max-snippet:-1","max-image-preview":"max-image-preview:large","max-video-preview":"max-video-preview:-1"},"canonical":"https:\/\/medyaetikkurulu.org\/index.php\/2026\/04\/22\/21-nisan-2026-medya-etik-kurulu-kararlari\/","og_locale":"tr_TR","og_type":"article","og_title":"21 Nisan 2026 \u2013 Medya Etik Kurulu Kararlar\u0131 - Medya Etik Kurulu","og_description":"Karar 208 DA\u00dc Rekt\u00f6r\u00fc Hasan K\u0131l\u0131\u00e7 10 Nisan tarihinde kurula \u015fikayette bulunmu\u015ftur. Kurul, K\u0131l\u0131\u00e7\u2019\u0131n \u015fikayetini de\u011ferlendirilerek karara ba\u011flad\u0131. Karar do\u011frultusunda, K\u0131l\u0131\u00e7\u2019a bir mail at\u0131larak, ilgili haber i\u00e7eri\u011finin de\u011ferlendirildi\u011fi ancak kamuya mal olmu\u015f ki\u015filerin ele\u015ftiriye daha a\u00e7\u0131k olmas\u0131 gerekti\u011fine dair karar verildi\u011fi bildirilecek. Kamuoyuna a\u00e7\u0131klama yap\u0131lmayacak. A\u00e7\u0131klamay\u0131 \u00c7a\u011fda\u015f \u00d6\u011f\u00fc\u00e7 haz\u0131rlayacak. Karar 209 \u015eikayet g\u00f6r\u00fc\u015f\u00fcld\u00fc. Genel bir [&hellip;]","og_url":"https:\/\/medyaetikkurulu.org\/index.php\/2026\/04\/22\/21-nisan-2026-medya-etik-kurulu-kararlari\/","og_site_name":"Medya Etik Kurulu","article_publisher":"https:\/\/www.facebook.com\/medyaetikkurulu","article_published_time":"2026-04-22T07:09:54+00:00","article_modified_time":"2026-04-22T07:09:59+00:00","og_image":[{"width":1560,"height":760,"url":"https:\/\/medyaetikkurulu.org\/wp-content\/uploads\/2025\/04\/atlassian_team_decisions_1120x545@2x-1560x760-1.jpg","type":"image\/jpeg"}],"author":"medyaetikkurulu","twitter_card":"summary_large_image","twitter_creator":"@medyaetikkurulu","twitter_site":"@medyaetikkurulu","twitter_misc":{"Yazan:":"medyaetikkurulu","Tahmini okuma s\u00fcresi":"1 dakika"},"schema":{"@context":"https:\/\/schema.org","@graph":[{"@type":"Article","@id":"https:\/\/medyaetikkurulu.org\/index.php\/2026\/04\/22\/21-nisan-2026-medya-etik-kurulu-kararlari\/#article","isPartOf":{"@id":"https:\/\/medyaetikkurulu.org\/index.php\/2026\/04\/22\/21-nisan-2026-medya-etik-kurulu-kararlari\/"},"author":{"name":"medyaetikkurulu","@id":"https:\/\/medyaetikkurulu.org\/#\/schema\/person\/021e54e29d29c71d6df28fa0fdbebeb7"},"headline":"21 Nisan 2026 \u2013 Medya Etik Kurulu Kararlar\u0131","datePublished":"2026-04-22T07:09:54+00:00","dateModified":"2026-04-22T07:09:59+00:00","mainEntityOfPage":{"@id":"https:\/\/medyaetikkurulu.org\/index.php\/2026\/04\/22\/21-nisan-2026-medya-etik-kurulu-kararlari\/"},"wordCount":137,"commentCount":0,"publisher":{"@id":"https:\/\/medyaetikkurulu.org\/#organization"},"image":{"@id":"https:\/\/medyaetikkurulu.org\/index.php\/2026\/04\/22\/21-nisan-2026-medya-etik-kurulu-kararlari\/#primaryimage"},"thumbnailUrl":"https:\/\/i0.wp.com\/medyaetikkurulu.org\/wp-content\/uploads\/2025\/04\/atlassian_team_decisions_1120x545%402x-1560x760-1.jpg?fit=1560%2C760&ssl=1","articleSection":["Kararlar"],"inLanguage":"tr","potentialAction":[{"@type":"CommentAction","name":"Comment","target":["https:\/\/medyaetikkurulu.org\/index.php\/2026\/04\/22\/21-nisan-2026-medya-etik-kurulu-kararlari\/#respond"]}]},{"@type":"WebPage","@id":"https:\/\/medyaetikkurulu.org\/index.php\/2026\/04\/22\/21-nisan-2026-medya-etik-kurulu-kararlari\/","url":"https:\/\/medyaetikkurulu.org\/index.php\/2026\/04\/22\/21-nisan-2026-medya-etik-kurulu-kararlari\/","name":"21 Nisan 2026 \u2013 Medya Etik Kurulu Kararlar\u0131 - Medya Etik Kurulu","isPartOf":{"@id":"https:\/\/medyaetikkurulu.org\/#website"},"primaryImageOfPage":{"@id":"https:\/\/medyaetikkurulu.org\/index.php\/2026\/04\/22\/21-nisan-2026-medya-etik-kurulu-kararlari\/#primaryimage"},"image":{"@id":"https:\/\/medyaetikkurulu.org\/index.php\/2026\/04\/22\/21-nisan-2026-medya-etik-kurulu-kararlari\/#primaryimage"},"thumbnailUrl":"https:\/\/i0.wp.com\/medyaetikkurulu.org\/wp-content\/uploads\/2025\/04\/atlassian_team_decisions_1120x545%402x-1560x760-1.jpg?fit=1560%2C760&ssl=1","datePublished":"2026-04-22T07:09:54+00:00","dateModified":"2026-04-22T07:09:59+00:00","breadcrumb":{"@id":"https:\/\/medyaetikkurulu.org\/index.php\/2026\/04\/22\/21-nisan-2026-medya-etik-kurulu-kararlari\/#breadcrumb"},"inLanguage":"tr","potentialAction":[{"@type":"ReadAction","target":["https:\/\/medyaetikkurulu.org\/index.php\/2026\/04\/22\/21-nisan-2026-medya-etik-kurulu-kararlari\/"]}]},{"@type":"ImageObject","inLanguage":"tr","@id":"https:\/\/medyaetikkurulu.org\/index.php\/2026\/04\/22\/21-nisan-2026-medya-etik-kurulu-kararlari\/#primaryimage","url":"https:\/\/i0.wp.com\/medyaetikkurulu.org\/wp-content\/uploads\/2025\/04\/atlassian_team_decisions_1120x545%402x-1560x760-1.jpg?fit=1560%2C760&ssl=1","contentUrl":"https:\/\/i0.wp.com\/medyaetikkurulu.org\/wp-content\/uploads\/2025\/04\/atlassian_team_decisions_1120x545%402x-1560x760-1.jpg?fit=1560%2C760&ssl=1","width":1560,"height":760},{"@type":"BreadcrumbList","@id":"https:\/\/medyaetikkurulu.org\/index.php\/2026\/04\/22\/21-nisan-2026-medya-etik-kurulu-kararlari\/#breadcrumb","itemListElement":[{"@type":"ListItem","position":1,"name":"Anasayfa","item":"https:\/\/medyaetikkurulu.org\/"},{"@type":"ListItem","position":2,"name":"21 Nisan 2026 \u2013 Medya Etik Kurulu Kararlar\u0131"}]},{"@type":"WebSite","@id":"https:\/\/medyaetikkurulu.org\/#website","url":"https:\/\/medyaetikkurulu.org\/","name":"Medya Etik Kurulu","description":"Medya Etik Kurulu","publisher":{"@id":"https:\/\/medyaetikkurulu.org\/#organization"},"alternateName":"MEK","potentialAction":[{"@type":"SearchAction","target":{"@type":"EntryPoint","urlTemplate":"https:\/\/medyaetikkurulu.org\/?s={search_term_string}"},"query-input":{"@type":"PropertyValueSpecification","valueRequired":true,"valueName":"search_term_string"}}],"inLanguage":"tr"},{"@type":"Organization","@id":"https:\/\/medyaetikkurulu.org\/#organization","name":"Medya Etik Kurulu","alternateName":"MEK","url":"https:\/\/medyaetikkurulu.org\/","logo":{"@type":"ImageObject","inLanguage":"tr","@id":"https:\/\/medyaetikkurulu.org\/#\/schema\/logo\/image\/","url":"https:\/\/i0.wp.com\/medyaetikkurulu.org\/wp-content\/uploads\/2025\/05\/MEK-copy-1.png?fit=960%2C960","contentUrl":"https:\/\/i0.wp.com\/medyaetikkurulu.org\/wp-content\/uploads\/2025\/05\/MEK-copy-1.png?fit=960%2C960","width":960,"height":960,"caption":"Medya Etik Kurulu"},"image":{"@id":"https:\/\/medyaetikkurulu.org\/#\/schema\/logo\/image\/"},"sameAs":["https:\/\/www.facebook.com\/medyaetikkurulu","https:\/\/x.com\/medyaetikkurulu","https:\/\/www.instagram.com\/medyaetikkurulu"]},{"@type":"Person","@id":"https:\/\/medyaetikkurulu.org\/#\/schema\/person\/021e54e29d29c71d6df28fa0fdbebeb7","name":"medyaetikkurulu","image":{"@type":"ImageObject","inLanguage":"tr","@id":"https:\/\/medyaetikkurulu.org\/#\/schema\/person\/image\/","url":"https:\/\/secure.gravatar.com\/avatar\/6d6ecbabbab467ae2e81337250a5ab85a175a9d7259ba03d0295920d04351e84?s=96&d=mm&r=g","contentUrl":"https:\/\/secure.gravatar.com\/avatar\/6d6ecbabbab467ae2e81337250a5ab85a175a9d7259ba03d0295920d04351e84?s=96&d=mm&r=g","caption":"medyaetikkurulu"},"url":"https:\/\/medyaetikkurulu.org\/index.php\/author\/medyaetikkurulu\/"}]}},"jetpack_featured_media_url":"https:\/\/i0.wp.com\/medyaetikkurulu.org\/wp-content\/uploads\/2025\/04\/atlassian_team_decisions_1120x545%402x-1560x760-1.jpg?fit=1560%2C760&ssl=1","jetpack_sharing_enabled":true,"_links":{"self":[{"href":"https:\/\/medyaetikkurulu.org\/index.php\/wp-json\/wp\/v2\/posts\/1347","targetHints":{"allow":["GET"]}}],"collection":[{"href":"https:\/\/medyaetikkurulu.org\/index.php\/wp-json\/wp\/v2\/posts"}],"about":[{"href":"https:\/\/medyaetikkurulu.org\/index.php\/wp-json\/wp\/v2\/types\/post"}],"author":[{"embeddable":true,"href":"https:\/\/medyaetikkurulu.org\/index.php\/wp-json\/wp\/v2\/users\/2"}],"replies":[{"embeddable":true,"href":"https:\/\/medyaetikkurulu.org\/index.php\/wp-json\/wp\/v2\/comments?post=1347"}],"version-history":[{"count":1,"href":"https:\/\/medyaetikkurulu.org\/index.php\/wp-json\/wp\/v2\/posts\/1347\/revisions"}],"predecessor-version":[{"id":1348,"href":"https:\/\/medyaetikkurulu.org\/index.php\/wp-json\/wp\/v2\/posts\/1347\/revisions\/1348"}],"wp:featuredmedia":[{"embeddable":true,"href":"https:\/\/medyaetikkurulu.org\/index.php\/wp-json\/wp\/v2\/media\/1012"}],"wp:attachment":[{"href":"https:\/\/medyaetikkurulu.org\/index.php\/wp-json\/wp\/v2\/media?parent=1347"}],"wp:term":[{"taxonomy":"category","embeddable":true,"href":"https:\/\/medyaetikkurulu.org\/index.php\/wp-json\/wp\/v2\/categories?post=1347"},{"taxonomy":"post_tag","embeddable":true,"href":"https:\/\/medyaetikkurulu.org\/index.php\/wp-json\/wp\/v2\/tags?post=1347"}],"curies":[{"name":"wp","href":"https:\/\/api.w.org\/{rel}","templated":true}]}}