{"id":499,"date":"2021-03-01T18:57:23","date_gmt":"2021-03-01T18:57:23","guid":{"rendered":"http:\/\/medyaetikkurulu.org\/wordpress\/?p=499"},"modified":"2021-03-01T18:57:23","modified_gmt":"2021-03-01T18:57:23","slug":"8-ekim-2019-mek-kararlari","status":"publish","type":"post","link":"https:\/\/medyaetikkurulu.org\/index.php\/2021\/03\/01\/8-ekim-2019-mek-kararlari\/","title":{"rendered":"8 Ekim 2019 MEK Kararlar\u0131"},"content":{"rendered":"<p><strong>Karar 93<br \/>\n<\/strong>TAK M\u00fcd\u00fcr\u00fc\u2019nden 14-15 Ekim 10.00\u2019dan sonra ya da\u00a0 16 Ekim\u2019de saat 14.00\u2019ten sonra en uygun saatte KTGB Ba\u015fkan\u0131 Sami \u00d6zuslu ile birlikte MEK temsilcileri TAK M\u00fcd\u00fcr\u00fc\u2019n\u00fc ziyaret edip deklerasyonu imzalayacaklar. (Bu tarihler uynazsa, \u00f6n\u00fcm\u00fczdeki hafta imzalanacak)<\/p>\n<p><strong>Karar 94<br \/>\n<\/strong>Tabipler Birli\u011fi\u2019nden Dr. Musafa Ta\u015f\u00e7\u0131o\u011flu\u2019nun \u015fikayeti g\u00f6r\u00fc\u015f\u00fcld\u00fc ve bu konuda iki ciddi eksikli\u011fin oldu\u011fu saptand\u0131.<\/p>\n<p>Birincisi, neyi \u015fikayet etti\u011fi yaz\u0131lmad\u0131, ikincisi de haber makale oldu\u011fu i\u00e7in haberlerdeki etik kurallar\u0131n t\u00fcm\u00fcn\u00fcn makale ve yorumlarda uygulanmad\u0131\u011f\u0131 nedeniyle bu konuda herhangi bir karar al\u0131nmamas\u0131 uygun bulunmu\u015ftur.<\/p>\n","protected":false},"excerpt":{"rendered":"<p>Karar 93 TAK M\u00fcd\u00fcr\u00fc\u2019nden 14-15 Ekim 10.00\u2019dan sonra ya da\u00a0 16 Ekim\u2019de saat 14.00\u2019ten sonra en uygun saatte KTGB Ba\u015fkan\u0131 Sami \u00d6zuslu ile birlikte MEK temsilcileri TAK M\u00fcd\u00fcr\u00fc\u2019n\u00fc ziyaret edip deklerasyonu imzalayacaklar. (Bu tarihler uynazsa, \u00f6n\u00fcm\u00fczdeki hafta imzalanacak) Karar 94 Tabipler Birli\u011fi\u2019nden Dr. Musafa Ta\u015f\u00e7\u0131o\u011flu\u2019nun \u015fikayeti g\u00f6r\u00fc\u015f\u00fcld\u00fc ve bu konuda iki ciddi eksikli\u011fin oldu\u011fu saptand\u0131. [&hellip;]<\/p>\n","protected":false},"author":2,"featured_media":0,"comment_status":"closed","ping_status":"open","sticky":false,"template":"","format":"standard","meta":{"saved_in_kubio":false,"_jetpack_memberships_contains_paid_content":false,"footnotes":""},"categories":[3],"tags":[],"class_list":["post-499","post","type-post","status-publish","format-standard","hentry","category-kararlar"],"yoast_head":"<!-- This site is optimized with the Yoast SEO plugin v25.3.1 - https:\/\/yoast.com\/wordpress\/plugins\/seo\/ -->\r\n<title>8 Ekim 2019 MEK Kararlar\u0131 - Medya Etik Kurulu<\/title>\r\n<meta name=\"robots\" content=\"index, follow, max-snippet:-1, max-image-preview:large, max-video-preview:-1\" \/>\r\n<link rel=\"canonical\" href=\"https:\/\/medyaetikkurulu.org\/index.php\/2021\/03\/01\/8-ekim-2019-mek-kararlari\/\" \/>\r\n<meta property=\"og:locale\" content=\"tr_TR\" \/>\r\n<meta property=\"og:type\" content=\"article\" \/>\r\n<meta property=\"og:title\" content=\"8 Ekim 2019 MEK Kararlar\u0131 - Medya Etik Kurulu\" \/>\r\n<meta property=\"og:description\" content=\"Karar 93 TAK M\u00fcd\u00fcr\u00fc\u2019nden 14-15 Ekim 10.00\u2019dan sonra ya da\u00a0 16 Ekim\u2019de saat 14.00\u2019ten sonra en uygun saatte KTGB Ba\u015fkan\u0131 Sami \u00d6zuslu ile birlikte MEK temsilcileri TAK M\u00fcd\u00fcr\u00fc\u2019n\u00fc ziyaret edip deklerasyonu imzalayacaklar. (Bu tarihler uynazsa, \u00f6n\u00fcm\u00fczdeki hafta imzalanacak) Karar 94 Tabipler Birli\u011fi\u2019nden Dr. Musafa Ta\u015f\u00e7\u0131o\u011flu\u2019nun \u015fikayeti g\u00f6r\u00fc\u015f\u00fcld\u00fc ve bu konuda iki ciddi eksikli\u011fin oldu\u011fu saptand\u0131. [&hellip;]\" \/>\r\n<meta property=\"og:url\" content=\"https:\/\/medyaetikkurulu.org\/index.php\/2021\/03\/01\/8-ekim-2019-mek-kararlari\/\" \/>\r\n<meta property=\"og:site_name\" content=\"Medya Etik Kurulu\" \/>\r\n<meta property=\"article:publisher\" content=\"https:\/\/www.facebook.com\/medyaetikkurulu\" \/>\r\n<meta property=\"article:published_time\" content=\"2021-03-01T18:57:23+00:00\" \/>\r\n<meta property=\"og:image\" content=\"https:\/\/i0.wp.com\/medyaetikkurulu.org\/wp-content\/uploads\/2025\/05\/MEK-copy-1.png?fit=960%2C960&ssl=1\" \/>\r\n\t<meta property=\"og:image:width\" content=\"960\" \/>\r\n\t<meta property=\"og:image:height\" content=\"960\" \/>\r\n\t<meta property=\"og:image:type\" content=\"image\/png\" \/>\r\n<meta name=\"author\" content=\"medyaetikkurulu\" \/>\r\n<meta name=\"twitter:card\" content=\"summary_large_image\" \/>\r\n<meta name=\"twitter:creator\" content=\"@medyaetikkurulu\" \/>\r\n<meta name=\"twitter:site\" content=\"@medyaetikkurulu\" \/>\r\n<meta name=\"twitter:label1\" content=\"Yazan:\" \/>\n\t<meta name=\"twitter:data1\" content=\"medyaetikkurulu\" \/>\n\t<meta name=\"twitter:label2\" content=\"Tahmini okuma s\u00fcresi\" \/>\n\t<meta name=\"twitter:data2\" content=\"1 dakika\" \/>\r\n<script type=\"application\/ld+json\" class=\"yoast-schema-graph\">{\"@context\":\"https:\/\/schema.org\",\"@graph\":[{\"@type\":\"Article\",\"@id\":\"https:\/\/medyaetikkurulu.org\/index.php\/2021\/03\/01\/8-ekim-2019-mek-kararlari\/#article\",\"isPartOf\":{\"@id\":\"https:\/\/medyaetikkurulu.org\/index.php\/2021\/03\/01\/8-ekim-2019-mek-kararlari\/\"},\"author\":{\"name\":\"medyaetikkurulu\",\"@id\":\"https:\/\/medyaetikkurulu.org\/#\/schema\/person\/021e54e29d29c71d6df28fa0fdbebeb7\"},\"headline\":\"8 Ekim 2019 MEK Kararlar\u0131\",\"datePublished\":\"2021-03-01T18:57:23+00:00\",\"mainEntityOfPage\":{\"@id\":\"https:\/\/medyaetikkurulu.org\/index.php\/2021\/03\/01\/8-ekim-2019-mek-kararlari\/\"},\"wordCount\":112,\"publisher\":{\"@id\":\"https:\/\/medyaetikkurulu.org\/#organization\"},\"articleSection\":[\"Kararlar\"],\"inLanguage\":\"tr\"},{\"@type\":\"WebPage\",\"@id\":\"https:\/\/medyaetikkurulu.org\/index.php\/2021\/03\/01\/8-ekim-2019-mek-kararlari\/\",\"url\":\"https:\/\/medyaetikkurulu.org\/index.php\/2021\/03\/01\/8-ekim-2019-mek-kararlari\/\",\"name\":\"8 Ekim 2019 MEK Kararlar\u0131 - Medya Etik Kurulu\",\"isPartOf\":{\"@id\":\"https:\/\/medyaetikkurulu.org\/#website\"},\"datePublished\":\"2021-03-01T18:57:23+00:00\",\"breadcrumb\":{\"@id\":\"https:\/\/medyaetikkurulu.org\/index.php\/2021\/03\/01\/8-ekim-2019-mek-kararlari\/#breadcrumb\"},\"inLanguage\":\"tr\",\"potentialAction\":[{\"@type\":\"ReadAction\",\"target\":[\"https:\/\/medyaetikkurulu.org\/index.php\/2021\/03\/01\/8-ekim-2019-mek-kararlari\/\"]}]},{\"@type\":\"BreadcrumbList\",\"@id\":\"https:\/\/medyaetikkurulu.org\/index.php\/2021\/03\/01\/8-ekim-2019-mek-kararlari\/#breadcrumb\",\"itemListElement\":[{\"@type\":\"ListItem\",\"position\":1,\"name\":\"Anasayfa\",\"item\":\"https:\/\/medyaetikkurulu.org\/\"},{\"@type\":\"ListItem\",\"position\":2,\"name\":\"8 Ekim 2019 MEK Kararlar\u0131\"}]},{\"@type\":\"WebSite\",\"@id\":\"https:\/\/medyaetikkurulu.org\/#website\",\"url\":\"https:\/\/medyaetikkurulu.org\/\",\"name\":\"Medya Etik Kurulu\",\"description\":\"Medya Etik Kurulu\",\"publisher\":{\"@id\":\"https:\/\/medyaetikkurulu.org\/#organization\"},\"alternateName\":\"MEK\",\"potentialAction\":[{\"@type\":\"SearchAction\",\"target\":{\"@type\":\"EntryPoint\",\"urlTemplate\":\"https:\/\/medyaetikkurulu.org\/?s={search_term_string}\"},\"query-input\":{\"@type\":\"PropertyValueSpecification\",\"valueRequired\":true,\"valueName\":\"search_term_string\"}}],\"inLanguage\":\"tr\"},{\"@type\":\"Organization\",\"@id\":\"https:\/\/medyaetikkurulu.org\/#organization\",\"name\":\"Medya Etik Kurulu\",\"alternateName\":\"MEK\",\"url\":\"https:\/\/medyaetikkurulu.org\/\",\"logo\":{\"@type\":\"ImageObject\",\"inLanguage\":\"tr\",\"@id\":\"https:\/\/medyaetikkurulu.org\/#\/schema\/logo\/image\/\",\"url\":\"https:\/\/i0.wp.com\/medyaetikkurulu.org\/wp-content\/uploads\/2025\/05\/MEK-copy-1.png?fit=960%2C960\",\"contentUrl\":\"https:\/\/i0.wp.com\/medyaetikkurulu.org\/wp-content\/uploads\/2025\/05\/MEK-copy-1.png?fit=960%2C960\",\"width\":960,\"height\":960,\"caption\":\"Medya Etik Kurulu\"},\"image\":{\"@id\":\"https:\/\/medyaetikkurulu.org\/#\/schema\/logo\/image\/\"},\"sameAs\":[\"https:\/\/www.facebook.com\/medyaetikkurulu\",\"https:\/\/x.com\/medyaetikkurulu\",\"https:\/\/www.instagram.com\/medyaetikkurulu\"]},{\"@type\":\"Person\",\"@id\":\"https:\/\/medyaetikkurulu.org\/#\/schema\/person\/021e54e29d29c71d6df28fa0fdbebeb7\",\"name\":\"medyaetikkurulu\",\"image\":{\"@type\":\"ImageObject\",\"inLanguage\":\"tr\",\"@id\":\"https:\/\/medyaetikkurulu.org\/#\/schema\/person\/image\/\",\"url\":\"https:\/\/secure.gravatar.com\/avatar\/6d6ecbabbab467ae2e81337250a5ab85a175a9d7259ba03d0295920d04351e84?s=96&d=mm&r=g\",\"contentUrl\":\"https:\/\/secure.gravatar.com\/avatar\/6d6ecbabbab467ae2e81337250a5ab85a175a9d7259ba03d0295920d04351e84?s=96&d=mm&r=g\",\"caption\":\"medyaetikkurulu\"},\"url\":\"https:\/\/medyaetikkurulu.org\/index.php\/author\/medyaetikkurulu\/\"}]}<\/script>\r\n<!-- \/ Yoast SEO plugin. -->","yoast_head_json":{"title":"8 Ekim 2019 MEK Kararlar\u0131 - Medya Etik Kurulu","robots":{"index":"index","follow":"follow","max-snippet":"max-snippet:-1","max-image-preview":"max-image-preview:large","max-video-preview":"max-video-preview:-1"},"canonical":"https:\/\/medyaetikkurulu.org\/index.php\/2021\/03\/01\/8-ekim-2019-mek-kararlari\/","og_locale":"tr_TR","og_type":"article","og_title":"8 Ekim 2019 MEK Kararlar\u0131 - Medya Etik Kurulu","og_description":"Karar 93 TAK M\u00fcd\u00fcr\u00fc\u2019nden 14-15 Ekim 10.00\u2019dan sonra ya da\u00a0 16 Ekim\u2019de saat 14.00\u2019ten sonra en uygun saatte KTGB Ba\u015fkan\u0131 Sami \u00d6zuslu ile birlikte MEK temsilcileri TAK M\u00fcd\u00fcr\u00fc\u2019n\u00fc ziyaret edip deklerasyonu imzalayacaklar. (Bu tarihler uynazsa, \u00f6n\u00fcm\u00fczdeki hafta imzalanacak) Karar 94 Tabipler Birli\u011fi\u2019nden Dr. Musafa Ta\u015f\u00e7\u0131o\u011flu\u2019nun \u015fikayeti g\u00f6r\u00fc\u015f\u00fcld\u00fc ve bu konuda iki ciddi eksikli\u011fin oldu\u011fu saptand\u0131. [&hellip;]","og_url":"https:\/\/medyaetikkurulu.org\/index.php\/2021\/03\/01\/8-ekim-2019-mek-kararlari\/","og_site_name":"Medya Etik Kurulu","article_publisher":"https:\/\/www.facebook.com\/medyaetikkurulu","article_published_time":"2021-03-01T18:57:23+00:00","og_image":[{"width":960,"height":960,"url":"https:\/\/i0.wp.com\/medyaetikkurulu.org\/wp-content\/uploads\/2025\/05\/MEK-copy-1.png?fit=960%2C960&ssl=1","type":"image\/png"}],"author":"medyaetikkurulu","twitter_card":"summary_large_image","twitter_creator":"@medyaetikkurulu","twitter_site":"@medyaetikkurulu","twitter_misc":{"Yazan:":"medyaetikkurulu","Tahmini okuma s\u00fcresi":"1 dakika"},"schema":{"@context":"https:\/\/schema.org","@graph":[{"@type":"Article","@id":"https:\/\/medyaetikkurulu.org\/index.php\/2021\/03\/01\/8-ekim-2019-mek-kararlari\/#article","isPartOf":{"@id":"https:\/\/medyaetikkurulu.org\/index.php\/2021\/03\/01\/8-ekim-2019-mek-kararlari\/"},"author":{"name":"medyaetikkurulu","@id":"https:\/\/medyaetikkurulu.org\/#\/schema\/person\/021e54e29d29c71d6df28fa0fdbebeb7"},"headline":"8 Ekim 2019 MEK Kararlar\u0131","datePublished":"2021-03-01T18:57:23+00:00","mainEntityOfPage":{"@id":"https:\/\/medyaetikkurulu.org\/index.php\/2021\/03\/01\/8-ekim-2019-mek-kararlari\/"},"wordCount":112,"publisher":{"@id":"https:\/\/medyaetikkurulu.org\/#organization"},"articleSection":["Kararlar"],"inLanguage":"tr"},{"@type":"WebPage","@id":"https:\/\/medyaetikkurulu.org\/index.php\/2021\/03\/01\/8-ekim-2019-mek-kararlari\/","url":"https:\/\/medyaetikkurulu.org\/index.php\/2021\/03\/01\/8-ekim-2019-mek-kararlari\/","name":"8 Ekim 2019 MEK Kararlar\u0131 - Medya Etik Kurulu","isPartOf":{"@id":"https:\/\/medyaetikkurulu.org\/#website"},"datePublished":"2021-03-01T18:57:23+00:00","breadcrumb":{"@id":"https:\/\/medyaetikkurulu.org\/index.php\/2021\/03\/01\/8-ekim-2019-mek-kararlari\/#breadcrumb"},"inLanguage":"tr","potentialAction":[{"@type":"ReadAction","target":["https:\/\/medyaetikkurulu.org\/index.php\/2021\/03\/01\/8-ekim-2019-mek-kararlari\/"]}]},{"@type":"BreadcrumbList","@id":"https:\/\/medyaetikkurulu.org\/index.php\/2021\/03\/01\/8-ekim-2019-mek-kararlari\/#breadcrumb","itemListElement":[{"@type":"ListItem","position":1,"name":"Anasayfa","item":"https:\/\/medyaetikkurulu.org\/"},{"@type":"ListItem","position":2,"name":"8 Ekim 2019 MEK Kararlar\u0131"}]},{"@type":"WebSite","@id":"https:\/\/medyaetikkurulu.org\/#website","url":"https:\/\/medyaetikkurulu.org\/","name":"Medya Etik Kurulu","description":"Medya Etik Kurulu","publisher":{"@id":"https:\/\/medyaetikkurulu.org\/#organization"},"alternateName":"MEK","potentialAction":[{"@type":"SearchAction","target":{"@type":"EntryPoint","urlTemplate":"https:\/\/medyaetikkurulu.org\/?s={search_term_string}"},"query-input":{"@type":"PropertyValueSpecification","valueRequired":true,"valueName":"search_term_string"}}],"inLanguage":"tr"},{"@type":"Organization","@id":"https:\/\/medyaetikkurulu.org\/#organization","name":"Medya Etik Kurulu","alternateName":"MEK","url":"https:\/\/medyaetikkurulu.org\/","logo":{"@type":"ImageObject","inLanguage":"tr","@id":"https:\/\/medyaetikkurulu.org\/#\/schema\/logo\/image\/","url":"https:\/\/i0.wp.com\/medyaetikkurulu.org\/wp-content\/uploads\/2025\/05\/MEK-copy-1.png?fit=960%2C960","contentUrl":"https:\/\/i0.wp.com\/medyaetikkurulu.org\/wp-content\/uploads\/2025\/05\/MEK-copy-1.png?fit=960%2C960","width":960,"height":960,"caption":"Medya Etik Kurulu"},"image":{"@id":"https:\/\/medyaetikkurulu.org\/#\/schema\/logo\/image\/"},"sameAs":["https:\/\/www.facebook.com\/medyaetikkurulu","https:\/\/x.com\/medyaetikkurulu","https:\/\/www.instagram.com\/medyaetikkurulu"]},{"@type":"Person","@id":"https:\/\/medyaetikkurulu.org\/#\/schema\/person\/021e54e29d29c71d6df28fa0fdbebeb7","name":"medyaetikkurulu","image":{"@type":"ImageObject","inLanguage":"tr","@id":"https:\/\/medyaetikkurulu.org\/#\/schema\/person\/image\/","url":"https:\/\/secure.gravatar.com\/avatar\/6d6ecbabbab467ae2e81337250a5ab85a175a9d7259ba03d0295920d04351e84?s=96&d=mm&r=g","contentUrl":"https:\/\/secure.gravatar.com\/avatar\/6d6ecbabbab467ae2e81337250a5ab85a175a9d7259ba03d0295920d04351e84?s=96&d=mm&r=g","caption":"medyaetikkurulu"},"url":"https:\/\/medyaetikkurulu.org\/index.php\/author\/medyaetikkurulu\/"}]}},"jetpack_featured_media_url":"","jetpack_sharing_enabled":true,"_links":{"self":[{"href":"https:\/\/medyaetikkurulu.org\/index.php\/wp-json\/wp\/v2\/posts\/499","targetHints":{"allow":["GET"]}}],"collection":[{"href":"https:\/\/medyaetikkurulu.org\/index.php\/wp-json\/wp\/v2\/posts"}],"about":[{"href":"https:\/\/medyaetikkurulu.org\/index.php\/wp-json\/wp\/v2\/types\/post"}],"author":[{"embeddable":true,"href":"https:\/\/medyaetikkurulu.org\/index.php\/wp-json\/wp\/v2\/users\/2"}],"replies":[{"embeddable":true,"href":"https:\/\/medyaetikkurulu.org\/index.php\/wp-json\/wp\/v2\/comments?post=499"}],"version-history":[{"count":0,"href":"https:\/\/medyaetikkurulu.org\/index.php\/wp-json\/wp\/v2\/posts\/499\/revisions"}],"wp:attachment":[{"href":"https:\/\/medyaetikkurulu.org\/index.php\/wp-json\/wp\/v2\/media?parent=499"}],"wp:term":[{"taxonomy":"category","embeddable":true,"href":"https:\/\/medyaetikkurulu.org\/index.php\/wp-json\/wp\/v2\/categories?post=499"},{"taxonomy":"post_tag","embeddable":true,"href":"https:\/\/medyaetikkurulu.org\/index.php\/wp-json\/wp\/v2\/tags?post=499"}],"curies":[{"name":"wp","href":"https:\/\/api.w.org\/{rel}","templated":true}]}}