{"id":522,"date":"2021-10-30T12:18:26","date_gmt":"2021-10-30T12:18:26","guid":{"rendered":"http:\/\/medyaetikkurulu.org\/wordpress\/?p=522"},"modified":"2021-10-30T12:18:26","modified_gmt":"2021-10-30T12:18:26","slug":"12-ekim-2021-mek-kararlari","status":"publish","type":"post","link":"https:\/\/medyaetikkurulu.org\/index.php\/2021\/10\/30\/12-ekim-2021-mek-kararlari\/","title":{"rendered":"12 Ekim 2021 MEK Kararlar\u0131"},"content":{"rendered":"<p><strong>Karar 108<br \/>\n<\/strong>Medya Etik Kurulu ile bir s\u00f6yle\u015fi ger\u00e7ekle\u015ftirilmesi i\u00e7in Perihan Aziz\u2019in TAK\u2019tan gazetecilere ula\u015farak giri\u015fim yapmas\u0131 karar\u0131 al\u0131nm\u0131\u015ft\u0131r.<\/p>\n<p><strong>Karar 109<br \/>\n<\/strong>Man\u015fet K\u0131br\u0131s hakk\u0131nda MEK\u2019e yap\u0131lan \u015fikayet de\u011ferlendirilmi\u015f ve K\u0131br\u0131s Man\u015fet\u2019in k\u0131nanmas\u0131na ayni \u015fekilde haber yapan di\u011fer bas\u0131n kurulu\u015flar\u0131n\u0131n da uyar\u0131lmas\u0131na karar verilmi\u015ftir. Konu ile ilgili bas\u0131n bildirisinin haz\u0131rlan\u0131p MEK \u00fcyeleriyle payla\u015fmak \u00fczere \u00d6zen \u00c7atal g\u00f6revlendirilmi\u015ftir.<\/p>\n","protected":false},"excerpt":{"rendered":"<p>Karar 108 Medya Etik Kurulu ile bir s\u00f6yle\u015fi ger\u00e7ekle\u015ftirilmesi i\u00e7in Perihan Aziz\u2019in TAK\u2019tan gazetecilere ula\u015farak giri\u015fim yapmas\u0131 karar\u0131 al\u0131nm\u0131\u015ft\u0131r. Karar 109 Man\u015fet K\u0131br\u0131s hakk\u0131nda MEK\u2019e yap\u0131lan \u015fikayet de\u011ferlendirilmi\u015f ve K\u0131br\u0131s Man\u015fet\u2019in k\u0131nanmas\u0131na ayni \u015fekilde haber yapan di\u011fer bas\u0131n kurulu\u015flar\u0131n\u0131n da uyar\u0131lmas\u0131na karar verilmi\u015ftir. Konu ile ilgili bas\u0131n bildirisinin haz\u0131rlan\u0131p MEK \u00fcyeleriyle payla\u015fmak \u00fczere \u00d6zen \u00c7atal [&hellip;]<\/p>\n","protected":false},"author":2,"featured_media":0,"comment_status":"closed","ping_status":"open","sticky":false,"template":"","format":"standard","meta":{"saved_in_kubio":false,"_jetpack_memberships_contains_paid_content":false,"footnotes":""},"categories":[3],"tags":[],"class_list":["post-522","post","type-post","status-publish","format-standard","hentry","category-kararlar"],"yoast_head":"<!-- This site is optimized with the Yoast SEO plugin v25.3.1 - https:\/\/yoast.com\/wordpress\/plugins\/seo\/ -->\r\n<title>12 Ekim 2021 MEK Kararlar\u0131 - Medya Etik Kurulu<\/title>\r\n<meta name=\"robots\" content=\"index, follow, max-snippet:-1, max-image-preview:large, max-video-preview:-1\" \/>\r\n<link rel=\"canonical\" href=\"https:\/\/medyaetikkurulu.org\/index.php\/2021\/10\/30\/12-ekim-2021-mek-kararlari\/\" \/>\r\n<meta property=\"og:locale\" content=\"tr_TR\" \/>\r\n<meta property=\"og:type\" content=\"article\" \/>\r\n<meta property=\"og:title\" content=\"12 Ekim 2021 MEK Kararlar\u0131 - Medya Etik Kurulu\" \/>\r\n<meta property=\"og:description\" content=\"Karar 108 Medya Etik Kurulu ile bir s\u00f6yle\u015fi ger\u00e7ekle\u015ftirilmesi i\u00e7in Perihan Aziz\u2019in TAK\u2019tan gazetecilere ula\u015farak giri\u015fim yapmas\u0131 karar\u0131 al\u0131nm\u0131\u015ft\u0131r. Karar 109 Man\u015fet K\u0131br\u0131s hakk\u0131nda MEK\u2019e yap\u0131lan \u015fikayet de\u011ferlendirilmi\u015f ve K\u0131br\u0131s Man\u015fet\u2019in k\u0131nanmas\u0131na ayni \u015fekilde haber yapan di\u011fer bas\u0131n kurulu\u015flar\u0131n\u0131n da uyar\u0131lmas\u0131na karar verilmi\u015ftir. Konu ile ilgili bas\u0131n bildirisinin haz\u0131rlan\u0131p MEK \u00fcyeleriyle payla\u015fmak \u00fczere \u00d6zen \u00c7atal [&hellip;]\" \/>\r\n<meta property=\"og:url\" content=\"https:\/\/medyaetikkurulu.org\/index.php\/2021\/10\/30\/12-ekim-2021-mek-kararlari\/\" \/>\r\n<meta property=\"og:site_name\" content=\"Medya Etik Kurulu\" \/>\r\n<meta property=\"article:publisher\" content=\"https:\/\/www.facebook.com\/medyaetikkurulu\" \/>\r\n<meta property=\"article:published_time\" content=\"2021-10-30T12:18:26+00:00\" \/>\r\n<meta property=\"og:image\" content=\"https:\/\/i0.wp.com\/medyaetikkurulu.org\/wp-content\/uploads\/2025\/05\/MEK-copy-1.png?fit=960%2C960&ssl=1\" \/>\r\n\t<meta property=\"og:image:width\" content=\"960\" \/>\r\n\t<meta property=\"og:image:height\" content=\"960\" \/>\r\n\t<meta property=\"og:image:type\" content=\"image\/png\" \/>\r\n<meta name=\"author\" content=\"medyaetikkurulu\" \/>\r\n<meta name=\"twitter:card\" content=\"summary_large_image\" \/>\r\n<meta name=\"twitter:creator\" content=\"@medyaetikkurulu\" \/>\r\n<meta name=\"twitter:site\" content=\"@medyaetikkurulu\" \/>\r\n<meta name=\"twitter:label1\" content=\"Yazan:\" \/>\n\t<meta name=\"twitter:data1\" content=\"medyaetikkurulu\" \/>\r\n<script type=\"application\/ld+json\" class=\"yoast-schema-graph\">{\"@context\":\"https:\/\/schema.org\",\"@graph\":[{\"@type\":\"Article\",\"@id\":\"https:\/\/medyaetikkurulu.org\/index.php\/2021\/10\/30\/12-ekim-2021-mek-kararlari\/#article\",\"isPartOf\":{\"@id\":\"https:\/\/medyaetikkurulu.org\/index.php\/2021\/10\/30\/12-ekim-2021-mek-kararlari\/\"},\"author\":{\"name\":\"medyaetikkurulu\",\"@id\":\"https:\/\/medyaetikkurulu.org\/#\/schema\/person\/021e54e29d29c71d6df28fa0fdbebeb7\"},\"headline\":\"12 Ekim 2021 MEK Kararlar\u0131\",\"datePublished\":\"2021-10-30T12:18:26+00:00\",\"mainEntityOfPage\":{\"@id\":\"https:\/\/medyaetikkurulu.org\/index.php\/2021\/10\/30\/12-ekim-2021-mek-kararlari\/\"},\"wordCount\":96,\"publisher\":{\"@id\":\"https:\/\/medyaetikkurulu.org\/#organization\"},\"articleSection\":[\"Kararlar\"],\"inLanguage\":\"tr\"},{\"@type\":\"WebPage\",\"@id\":\"https:\/\/medyaetikkurulu.org\/index.php\/2021\/10\/30\/12-ekim-2021-mek-kararlari\/\",\"url\":\"https:\/\/medyaetikkurulu.org\/index.php\/2021\/10\/30\/12-ekim-2021-mek-kararlari\/\",\"name\":\"12 Ekim 2021 MEK Kararlar\u0131 - Medya Etik Kurulu\",\"isPartOf\":{\"@id\":\"https:\/\/medyaetikkurulu.org\/#website\"},\"datePublished\":\"2021-10-30T12:18:26+00:00\",\"breadcrumb\":{\"@id\":\"https:\/\/medyaetikkurulu.org\/index.php\/2021\/10\/30\/12-ekim-2021-mek-kararlari\/#breadcrumb\"},\"inLanguage\":\"tr\",\"potentialAction\":[{\"@type\":\"ReadAction\",\"target\":[\"https:\/\/medyaetikkurulu.org\/index.php\/2021\/10\/30\/12-ekim-2021-mek-kararlari\/\"]}]},{\"@type\":\"BreadcrumbList\",\"@id\":\"https:\/\/medyaetikkurulu.org\/index.php\/2021\/10\/30\/12-ekim-2021-mek-kararlari\/#breadcrumb\",\"itemListElement\":[{\"@type\":\"ListItem\",\"position\":1,\"name\":\"Anasayfa\",\"item\":\"https:\/\/medyaetikkurulu.org\/\"},{\"@type\":\"ListItem\",\"position\":2,\"name\":\"12 Ekim 2021 MEK Kararlar\u0131\"}]},{\"@type\":\"WebSite\",\"@id\":\"https:\/\/medyaetikkurulu.org\/#website\",\"url\":\"https:\/\/medyaetikkurulu.org\/\",\"name\":\"Medya Etik Kurulu\",\"description\":\"Medya Etik Kurulu\",\"publisher\":{\"@id\":\"https:\/\/medyaetikkurulu.org\/#organization\"},\"alternateName\":\"MEK\",\"potentialAction\":[{\"@type\":\"SearchAction\",\"target\":{\"@type\":\"EntryPoint\",\"urlTemplate\":\"https:\/\/medyaetikkurulu.org\/?s={search_term_string}\"},\"query-input\":{\"@type\":\"PropertyValueSpecification\",\"valueRequired\":true,\"valueName\":\"search_term_string\"}}],\"inLanguage\":\"tr\"},{\"@type\":\"Organization\",\"@id\":\"https:\/\/medyaetikkurulu.org\/#organization\",\"name\":\"Medya Etik Kurulu\",\"alternateName\":\"MEK\",\"url\":\"https:\/\/medyaetikkurulu.org\/\",\"logo\":{\"@type\":\"ImageObject\",\"inLanguage\":\"tr\",\"@id\":\"https:\/\/medyaetikkurulu.org\/#\/schema\/logo\/image\/\",\"url\":\"https:\/\/i0.wp.com\/medyaetikkurulu.org\/wp-content\/uploads\/2025\/05\/MEK-copy-1.png?fit=960%2C960\",\"contentUrl\":\"https:\/\/i0.wp.com\/medyaetikkurulu.org\/wp-content\/uploads\/2025\/05\/MEK-copy-1.png?fit=960%2C960\",\"width\":960,\"height\":960,\"caption\":\"Medya Etik Kurulu\"},\"image\":{\"@id\":\"https:\/\/medyaetikkurulu.org\/#\/schema\/logo\/image\/\"},\"sameAs\":[\"https:\/\/www.facebook.com\/medyaetikkurulu\",\"https:\/\/x.com\/medyaetikkurulu\",\"https:\/\/www.instagram.com\/medyaetikkurulu\"]},{\"@type\":\"Person\",\"@id\":\"https:\/\/medyaetikkurulu.org\/#\/schema\/person\/021e54e29d29c71d6df28fa0fdbebeb7\",\"name\":\"medyaetikkurulu\",\"image\":{\"@type\":\"ImageObject\",\"inLanguage\":\"tr\",\"@id\":\"https:\/\/medyaetikkurulu.org\/#\/schema\/person\/image\/\",\"url\":\"https:\/\/secure.gravatar.com\/avatar\/6d6ecbabbab467ae2e81337250a5ab85a175a9d7259ba03d0295920d04351e84?s=96&d=mm&r=g\",\"contentUrl\":\"https:\/\/secure.gravatar.com\/avatar\/6d6ecbabbab467ae2e81337250a5ab85a175a9d7259ba03d0295920d04351e84?s=96&d=mm&r=g\",\"caption\":\"medyaetikkurulu\"},\"url\":\"https:\/\/medyaetikkurulu.org\/index.php\/author\/medyaetikkurulu\/\"}]}<\/script>\r\n<!-- \/ Yoast SEO plugin. -->","yoast_head_json":{"title":"12 Ekim 2021 MEK Kararlar\u0131 - Medya Etik Kurulu","robots":{"index":"index","follow":"follow","max-snippet":"max-snippet:-1","max-image-preview":"max-image-preview:large","max-video-preview":"max-video-preview:-1"},"canonical":"https:\/\/medyaetikkurulu.org\/index.php\/2021\/10\/30\/12-ekim-2021-mek-kararlari\/","og_locale":"tr_TR","og_type":"article","og_title":"12 Ekim 2021 MEK Kararlar\u0131 - Medya Etik Kurulu","og_description":"Karar 108 Medya Etik Kurulu ile bir s\u00f6yle\u015fi ger\u00e7ekle\u015ftirilmesi i\u00e7in Perihan Aziz\u2019in TAK\u2019tan gazetecilere ula\u015farak giri\u015fim yapmas\u0131 karar\u0131 al\u0131nm\u0131\u015ft\u0131r. Karar 109 Man\u015fet K\u0131br\u0131s hakk\u0131nda MEK\u2019e yap\u0131lan \u015fikayet de\u011ferlendirilmi\u015f ve K\u0131br\u0131s Man\u015fet\u2019in k\u0131nanmas\u0131na ayni \u015fekilde haber yapan di\u011fer bas\u0131n kurulu\u015flar\u0131n\u0131n da uyar\u0131lmas\u0131na karar verilmi\u015ftir. Konu ile ilgili bas\u0131n bildirisinin haz\u0131rlan\u0131p MEK \u00fcyeleriyle payla\u015fmak \u00fczere \u00d6zen \u00c7atal [&hellip;]","og_url":"https:\/\/medyaetikkurulu.org\/index.php\/2021\/10\/30\/12-ekim-2021-mek-kararlari\/","og_site_name":"Medya Etik Kurulu","article_publisher":"https:\/\/www.facebook.com\/medyaetikkurulu","article_published_time":"2021-10-30T12:18:26+00:00","og_image":[{"width":960,"height":960,"url":"https:\/\/i0.wp.com\/medyaetikkurulu.org\/wp-content\/uploads\/2025\/05\/MEK-copy-1.png?fit=960%2C960&ssl=1","type":"image\/png"}],"author":"medyaetikkurulu","twitter_card":"summary_large_image","twitter_creator":"@medyaetikkurulu","twitter_site":"@medyaetikkurulu","twitter_misc":{"Yazan:":"medyaetikkurulu"},"schema":{"@context":"https:\/\/schema.org","@graph":[{"@type":"Article","@id":"https:\/\/medyaetikkurulu.org\/index.php\/2021\/10\/30\/12-ekim-2021-mek-kararlari\/#article","isPartOf":{"@id":"https:\/\/medyaetikkurulu.org\/index.php\/2021\/10\/30\/12-ekim-2021-mek-kararlari\/"},"author":{"name":"medyaetikkurulu","@id":"https:\/\/medyaetikkurulu.org\/#\/schema\/person\/021e54e29d29c71d6df28fa0fdbebeb7"},"headline":"12 Ekim 2021 MEK Kararlar\u0131","datePublished":"2021-10-30T12:18:26+00:00","mainEntityOfPage":{"@id":"https:\/\/medyaetikkurulu.org\/index.php\/2021\/10\/30\/12-ekim-2021-mek-kararlari\/"},"wordCount":96,"publisher":{"@id":"https:\/\/medyaetikkurulu.org\/#organization"},"articleSection":["Kararlar"],"inLanguage":"tr"},{"@type":"WebPage","@id":"https:\/\/medyaetikkurulu.org\/index.php\/2021\/10\/30\/12-ekim-2021-mek-kararlari\/","url":"https:\/\/medyaetikkurulu.org\/index.php\/2021\/10\/30\/12-ekim-2021-mek-kararlari\/","name":"12 Ekim 2021 MEK Kararlar\u0131 - Medya Etik Kurulu","isPartOf":{"@id":"https:\/\/medyaetikkurulu.org\/#website"},"datePublished":"2021-10-30T12:18:26+00:00","breadcrumb":{"@id":"https:\/\/medyaetikkurulu.org\/index.php\/2021\/10\/30\/12-ekim-2021-mek-kararlari\/#breadcrumb"},"inLanguage":"tr","potentialAction":[{"@type":"ReadAction","target":["https:\/\/medyaetikkurulu.org\/index.php\/2021\/10\/30\/12-ekim-2021-mek-kararlari\/"]}]},{"@type":"BreadcrumbList","@id":"https:\/\/medyaetikkurulu.org\/index.php\/2021\/10\/30\/12-ekim-2021-mek-kararlari\/#breadcrumb","itemListElement":[{"@type":"ListItem","position":1,"name":"Anasayfa","item":"https:\/\/medyaetikkurulu.org\/"},{"@type":"ListItem","position":2,"name":"12 Ekim 2021 MEK Kararlar\u0131"}]},{"@type":"WebSite","@id":"https:\/\/medyaetikkurulu.org\/#website","url":"https:\/\/medyaetikkurulu.org\/","name":"Medya Etik Kurulu","description":"Medya Etik Kurulu","publisher":{"@id":"https:\/\/medyaetikkurulu.org\/#organization"},"alternateName":"MEK","potentialAction":[{"@type":"SearchAction","target":{"@type":"EntryPoint","urlTemplate":"https:\/\/medyaetikkurulu.org\/?s={search_term_string}"},"query-input":{"@type":"PropertyValueSpecification","valueRequired":true,"valueName":"search_term_string"}}],"inLanguage":"tr"},{"@type":"Organization","@id":"https:\/\/medyaetikkurulu.org\/#organization","name":"Medya Etik Kurulu","alternateName":"MEK","url":"https:\/\/medyaetikkurulu.org\/","logo":{"@type":"ImageObject","inLanguage":"tr","@id":"https:\/\/medyaetikkurulu.org\/#\/schema\/logo\/image\/","url":"https:\/\/i0.wp.com\/medyaetikkurulu.org\/wp-content\/uploads\/2025\/05\/MEK-copy-1.png?fit=960%2C960","contentUrl":"https:\/\/i0.wp.com\/medyaetikkurulu.org\/wp-content\/uploads\/2025\/05\/MEK-copy-1.png?fit=960%2C960","width":960,"height":960,"caption":"Medya Etik Kurulu"},"image":{"@id":"https:\/\/medyaetikkurulu.org\/#\/schema\/logo\/image\/"},"sameAs":["https:\/\/www.facebook.com\/medyaetikkurulu","https:\/\/x.com\/medyaetikkurulu","https:\/\/www.instagram.com\/medyaetikkurulu"]},{"@type":"Person","@id":"https:\/\/medyaetikkurulu.org\/#\/schema\/person\/021e54e29d29c71d6df28fa0fdbebeb7","name":"medyaetikkurulu","image":{"@type":"ImageObject","inLanguage":"tr","@id":"https:\/\/medyaetikkurulu.org\/#\/schema\/person\/image\/","url":"https:\/\/secure.gravatar.com\/avatar\/6d6ecbabbab467ae2e81337250a5ab85a175a9d7259ba03d0295920d04351e84?s=96&d=mm&r=g","contentUrl":"https:\/\/secure.gravatar.com\/avatar\/6d6ecbabbab467ae2e81337250a5ab85a175a9d7259ba03d0295920d04351e84?s=96&d=mm&r=g","caption":"medyaetikkurulu"},"url":"https:\/\/medyaetikkurulu.org\/index.php\/author\/medyaetikkurulu\/"}]}},"jetpack_featured_media_url":"","jetpack_sharing_enabled":true,"_links":{"self":[{"href":"https:\/\/medyaetikkurulu.org\/index.php\/wp-json\/wp\/v2\/posts\/522","targetHints":{"allow":["GET"]}}],"collection":[{"href":"https:\/\/medyaetikkurulu.org\/index.php\/wp-json\/wp\/v2\/posts"}],"about":[{"href":"https:\/\/medyaetikkurulu.org\/index.php\/wp-json\/wp\/v2\/types\/post"}],"author":[{"embeddable":true,"href":"https:\/\/medyaetikkurulu.org\/index.php\/wp-json\/wp\/v2\/users\/2"}],"replies":[{"embeddable":true,"href":"https:\/\/medyaetikkurulu.org\/index.php\/wp-json\/wp\/v2\/comments?post=522"}],"version-history":[{"count":0,"href":"https:\/\/medyaetikkurulu.org\/index.php\/wp-json\/wp\/v2\/posts\/522\/revisions"}],"wp:attachment":[{"href":"https:\/\/medyaetikkurulu.org\/index.php\/wp-json\/wp\/v2\/media?parent=522"}],"wp:term":[{"taxonomy":"category","embeddable":true,"href":"https:\/\/medyaetikkurulu.org\/index.php\/wp-json\/wp\/v2\/categories?post=522"},{"taxonomy":"post_tag","embeddable":true,"href":"https:\/\/medyaetikkurulu.org\/index.php\/wp-json\/wp\/v2\/tags?post=522"}],"curies":[{"name":"wp","href":"https:\/\/api.w.org\/{rel}","templated":true}]}}